{"id":3696,"date":"2015-01-27T11:34:39","date_gmt":"2015-01-27T10:34:39","guid":{"rendered":"http:\/\/www.courir-a-corps-nuds.fr\/?p=3696"},"modified":"2018-06-18T21:42:35","modified_gmt":"2018-06-18T20:42:35","slug":"cac-en-course-2015","status":"publish","type":"post","link":"http:\/\/www.courir-a-corps-nuds.fr\/?p=3696","title":{"rendered":"CAC en Course"},"content":{"rendered":"<p>&nbsp;<\/p>\n<table width=\"100%\">\n<tbody>\n<tr>\n<td>\n<h2>Trail du Bo\u00ebl 10 Juin 2018<\/h2>\n<p><strong> 24<\/strong><strong> km<\/strong><\/p>\n<p>21\u00a0\u00a0 Beignon St\u00e9phane 01:58:24<br \/>\n129 Fouillet Etienne 02:15:10<br \/>\n239 Simon S\u00e9bastien 02:29:15<br \/>\n276 Collias Arnaud 02:35:31<\/td>\n<td width=\"200\"><img loading=\"lazy\" class=\"\" src=\"https:\/\/www.klikego.com\/documents?reference=1394961428823-6&amp;index=6&amp;affiche=1&amp;fullsize=1\" width=\"186\" height=\"259\" \/><\/td>\n<\/tr>\n<tr>\n<td>\n<h2>Marathon de Blaye 12 Mai 2018<\/h2>\n<p><strong> 42,195<\/strong><strong> km<\/strong><\/p>\n<p>460 Tracou\u00a0 Joelle 05:48:44\u00a0 <strong>1er marathon BRAVO \ud83d\ude42<\/strong><br \/>\n461 Chesneau Guy 05:48:44<br \/>\n462 Berthelot Eric 05:48:44<br \/>\n472 Lemer Philippe 05:48:44<\/td>\n<td width=\"200\"><img loading=\"lazy\" class=\"\" src=\"http:\/\/www.marathondesvinsdeblaye.com\/images\/affiche_2018.jpg\" alt=\"\" width=\"159\" height=\"225\" \/><\/td>\n<\/tr>\n<tr>\n<td>\n<h2>Rennes Urban Trail 22 Avril 2018<\/h2>\n<p><strong> 7<\/strong><strong> km<\/strong><\/p>\n<p>172 Trotter Solenn 00:44:47<br \/>\n179 Trotter Yohann 00:45:02<br \/>\n398 Doursenaud Virginie 00:52:30<br \/>\n915 Trotter Isabelle 01:06:12<br \/>\n916 Trotter Florian 01:06:14<br \/>\n918 Trotter Yannick 01:06:16<br \/>\n1210 Chesneau Chryst\u00e8le 01:14:16<\/p>\n<p><strong>\u00a0<\/strong><\/p>\n<p><strong>14 km<\/strong><\/p>\n<p>625 Levrel Philippe 01:32:41<br \/>\n1299 Evano Benoit 01:49:14<\/p>\n<p>&nbsp;<\/p>\n<p><strong>24 km<\/strong><\/p>\n<p>52 Beignon St\u00e9phane\u00a0 01:54:50<br \/>\n135 Simon S\u00e9bastien 02:02:51<br \/>\n287 Fouillet Etienne 02:10:26<br \/>\n375 Lemer Philippe 02:14:54<br \/>\n875 Collias Arnaud 02:31:47<br \/>\n918 Chesneau Guy 02:32:46<br \/>\n1354 Berthelot Eric 02:45:27<\/td>\n<td width=\"200\"><img loading=\"lazy\" class=\"\" src=\"https:\/\/www.klikego.com\/documents?reference=1477428861475-3&amp;index=3&amp;affiche=1&amp;fullsize=1\" width=\"162\" height=\"230\" \/><\/td>\n<\/tr>\n<tr>\n<td>\n<h2>Foul\u00e9es d&#8217;Acign\u00e9 29 Avril 2018<\/h2>\n<p><strong> Acign\u00e9 nature 14,9<\/strong><strong> km<\/strong><\/p>\n<p>140 Levrel Philippe 01:16:31<\/td>\n<td width=\"200\"><img loading=\"lazy\" class=\"\" src=\"https:\/\/www.klikego.com\/documents?reference=1356384566470-6&amp;index=0&amp;affiche=1&amp;fullsize=1\" width=\"149\" height=\"208\" \/><\/td>\n<\/tr>\n<tr>\n<td>\n<h2>Bretagne Ultra Trail 28 Avril 2018<\/h2>\n<p><strong> 29<\/strong><strong> km<\/strong><\/p>\n<p>Fouillet Etienne 02:23:38<\/td>\n<td width=\"200\"><img loading=\"lazy\" class=\"\" src=\"https:\/\/www.klikego.com\/documents?reference=1509226817964-1&amp;index=0&amp;affiche=1&amp;fullsize=1\" width=\"117\" height=\"166\" \/><\/td>\n<\/tr>\n<tr>\n<td>\n<h2>Trail de M\u00e9dr\u00e9ac 08 Avril 2018<\/h2>\n<p><strong> Le vallon du N\u00e9al 14<\/strong><strong> km<\/strong><\/p>\n<p>56 Lemer Philippe 01:27:49<\/td>\n<td width=\"200\"><img loading=\"lazy\" class=\"welcome-logo wow bounceInDown\" src=\"http:\/\/www.trailkerallann.bzh\/wp-content\/uploads\/2017\/12\/logo-2018.png\" width=\"141\" height=\"125\" \/><\/td>\n<\/tr>\n<tr>\n<td>\n<h2>Semi de Liffr\u00e9 08 Avril 2018<\/h2>\n<p><strong> 21,1<\/strong><strong> km<\/strong><\/p>\n<p>85 Beignon St\u00e9phane 01:24:59<br \/>\n109 Simon S\u00e9bastien 01:26:39<\/td>\n<td width=\"200\"><img loading=\"lazy\" class=\"\" src=\"http:\/\/athletisme.usliffre.org\/images\/semi\/semi_2018\/Semi-Liffre-2018.jpg\" alt=\"Semi-Liffre-2018\" width=\"221\" height=\"114\" \/><\/td>\n<\/tr>\n<tr>\n<td>\n<h2>La Rennaise 17 et 18 Mars 2018<\/h2>\n<p><strong> la nordique 9<\/strong><strong> km<\/strong><br \/>\n32 Martin Franck 01:05:39<br \/>\n64 Martin Christine 01:16:28<\/p>\n<p><strong>la nocturne 10km<\/strong><br \/>\n32 Beignon St\u00e9phane 00:42:17<\/p>\n<p><strong>le troph\u00e9e 15km<\/strong><br \/>\n32 Beignon St\u00e9phane 01:04:01<\/td>\n<td width=\"200\"><img loading=\"lazy\" class=\"\" src=\"https:\/\/www.klikego.com\/documents?reference=1292365507009-12&amp;index=1&amp;affiche=1&amp;fullsize=1\" width=\"128\" height=\"179\" \/><\/td>\n<\/tr>\n<tr>\n<td>\n<h2>Foul\u00e9es de Saint Gilles 3 Mars 2018<\/h2>\n<p><strong> 21,1 km<\/strong><br \/>\n208 Lemer Philippe 01:39:18<\/td>\n<td width=\"200\"><img loading=\"lazy\" class=\"\" src=\"https:\/\/www.klikego.com\/documents?reference=1260829885238-8&amp;index=1&amp;affiche=1&amp;fullsize=1\" width=\"127\" height=\"261\" \/><\/td>\n<\/tr>\n<tr>\n<td>\n<h2>Trail Urbain intra muros 23 Fevrier 2018<\/h2>\n<p><strong> 12 km<\/strong><br \/>\n682 Levrel Philippe 01:09:52<br \/>\n799 Doursenaud Virginie 01:11:41<br \/>\n1748 Evano Benoit 01:24:09<\/p>\n<h2>UltraTrail 24 Fevrier 2018<\/h2>\n<p><strong>107 km<\/strong><br \/>\n54 Beignon St\u00e9phane 13:18:37\u00a0 F\u00e9licitations<br \/>\n56 Simon Sebastien 13:23:01\u00a0\u00a0\u00a0 Bravo<\/td>\n<td width=\"200\"><img loading=\"lazy\" class=\"\" src=\"https:\/\/www.klikego.com\/documents?reference=1413880064129-9&amp;index=0&amp;affiche=1&amp;fullsize=1\" width=\"139\" height=\"197\" \/><\/td>\n<\/tr>\n<tr>\n<td>\n<h2>la Thor\u00e9fol\u00e9enne 23 Fevrier 2018<\/h2>\n<p><strong> 15 km<\/strong><br \/>\n182 Meaudre Jean-Ren\u00e9 01:09:36<\/td>\n<td width=\"200\"><\/td>\n<\/tr>\n<tr>\n<td>\n<h2>Foul\u00e9es de St Armel 18 Fevrier 2018<\/h2>\n<p><strong> 10 km<\/strong><br \/>\n71 Fouillet Etienne 00:39:24\u00a0 sous les 40 bravo, \u00e0 confirmer!!!<br \/>\n141 Lemer Philippe 00:42:11<br \/>\n373 Moreau Philippe 00:53:46<br \/>\n384 Doursenaud Virginie 00:54:12<br \/>\n411 Morel Gabrielle 00:56:16<\/p>\n<p><strong>marche nordique 11km<\/strong><\/p>\n<p>4 Trotter Yannick 01:17:06<br \/>\n14 Martin Franck 01:21:44<br \/>\n21 Menard Sylvie 01:23:55\u00a0 2eme V1 Bravo<br \/>\n22 Beutier Laurent 01:25:14\u00a0 2eme v1 Bravo<br \/>\n24 Trotter Isabelle 01:25:59\u00a0 2eme V2 Bravo<br \/>\n25 Fraleux Daniel 01:26:29<br \/>\n28 Lefaix Martine 01:28:17\u00a0 3eme V1 Bravo<br \/>\n29 David Nelly 01:30:23<br \/>\n30 Lequilliec Odile 01:30:29<br \/>\n33 Martin Christine 01:35:30<br \/>\n37 Chalin St\u00e9phanie 01:39:25<br \/>\n38 Berthelot Odile 01:40:19<br \/>\n39 Renaud r\u00e9gine 01:40:19<br \/>\n40 Bellanger nathalie 01:41:15<br \/>\n42 Armage Brigitte 01:42:35<\/p>\n<p>&nbsp;<\/td>\n<td width=\"200\"><img loading=\"lazy\" class=\"\" src=\"https:\/\/www.klikego.com\/documents?reference=1382931949379-5&amp;index=1&amp;affiche=1&amp;fullsize=1\" width=\"170\" height=\"240\" \/><\/td>\n<\/tr>\n<tr>\n<td>\n<h2>Trail Glazig 11 Fevrier 2018<\/h2>\n<p><strong>\u00a054 km<\/strong><br \/>\n127 Beignon St\u00e9phane 05:40:39<br \/>\n128 Simon Sebastien 05:40:39<\/td>\n<td width=\"200\"><img loading=\"lazy\" class=\"\" src=\"https:\/\/www.klikego.com\/documents?reference=1352933103191-8&amp;index=3&amp;affiche=1&amp;fullsize=1\" width=\"147\" height=\"194\" \/><\/td>\n<\/tr>\n<tr>\n<td>\n<h2>corrida cessonnaise 10 Decembre 2017<\/h2>\n<p><strong>\u00a010 km<\/strong><br \/>\n80 Beignon St\u00e9phane 0:39:38<br \/>\n111 Simon Sebastien 00:40:17<\/td>\n<td width=\"200\"><img loading=\"lazy\" class=\"\" src=\"https:\/\/www.klikego.com\/documents?reference=1442524827114-4&amp;index=1&amp;affiche=1&amp;fullsize=1\" alt=\"\" width=\"150\" height=\"226\" \/><\/td>\n<\/tr>\n<tr>\n<td>\n<h2>course nature Vern\/seiche 09 Decembre 2017<\/h2>\n<p><strong>marche nordique nocture 12,1 km<\/strong><br \/>\n7 Trotter Yannick 01:23:29<br \/>\n37 Lefaix Martine 01:41:03 1 \u00e8re course, bravo<\/p>\n<p><strong>course nature nocture 11,3 km<\/strong><br \/>\n54 Tracou bruno 00:55:50<br \/>\n74 Chesneau Guy 00:57:40<br \/>\n88 Berthelot Eric 01:00:05<br \/>\n149 Tracou Joelle 01:07:41<br \/>\n150 Chesneau Chryst\u00e8le 01:07:41<\/p>\n<p><strong>s&#8217;mi nature nocture 21 km<\/strong><br \/>\n35 Paulin Pascal 02:15:31<br \/>\n36 Lemer Philippe 02:15:31<\/td>\n<td width=\"200\"><img loading=\"lazy\" class=\"\" src=\"https:\/\/www.klikego.com\/documents?reference=1376792486000-5&amp;index=1&amp;affiche=1&amp;fullsize=1\" alt=\"\" width=\"194\" height=\"269\" \/><\/td>\n<\/tr>\n<tr>\n<td>\n<h2>Menestrail 03 Decembre 2017<\/h2>\n<p><strong>le grand menestrail 52 km<\/strong><br \/>\n106 Beignon St\u00e9phane 06:25:49<br \/>\n439 Fouillet Etienne 07:48:44<\/td>\n<td width=\"200\"><img loading=\"lazy\" class=\"\" src=\"https:\/\/www.klikego.com\/documents?reference=1472150551876-2&amp;index=1&amp;affiche=1&amp;fullsize=1\" alt=\"\" width=\"163\" height=\"135\" \/><\/td>\n<\/tr>\n<tr>\n<td>\n<h2>la rotte des gobions verts 03 Decembre 2017<\/h2>\n<p><strong>la classic 15 km<\/strong><br \/>\n338 Tracou Joelle 01:40:20<\/td>\n<td width=\"200\"><img loading=\"lazy\" class=\"\" src=\"https:\/\/www.klikego.com\/documents?reference=1409279910468-4&amp;index=1&amp;affiche=1&amp;fullsize=1\" alt=\"\" width=\"153\" height=\"217\" \/><\/td>\n<\/tr>\n<tr>\n<td>\n<h2>course des picaous 26 Novembre 2017<\/h2>\n<p><strong>19 km<\/strong><br \/>\n42 Paulin Pascal 01:39:12<\/td>\n<td width=\"200\"><img src=\"https:\/\/www.klikego.com\/documents?reference=1475528883876-3&amp;index=0&amp;affiche=1&amp;fullsize=1\" alt=\"\" \/><\/td>\n<\/tr>\n<tr>\n<td>\n<h2>Trail de la M\u00e9e 19 Novembre 2017<\/h2>\n<p><strong>27 km<\/strong><br \/>\n83 Meaudre Jean-Ren\u00e9 02:41:42<\/td>\n<td width=\"200\"><img loading=\"lazy\" class=\"\" src=\"https:\/\/www.klikego.com\/documents?reference=1380703983335-4&amp;index=0&amp;affiche=1&amp;fullsize=1\" alt=\"\" width=\"195\" height=\"276\" \/><\/td>\n<\/tr>\n<tr>\n<td>\n<h2>Trail de Boeuvres 28 Octobre 2017<\/h2>\n<p><strong>28 km<\/strong><br \/>\n111 Paulin Pascal 02:55:42<br \/>\n115 Fouillet Etienne 02:57:20<br \/>\n142 Chesneau Guy 03:04:05<\/td>\n<td width=\"200\"><img loading=\"lazy\" class=\"\" src=\"https:\/\/www.klikego.com\/documents?reference=1470602102030-2&amp;index=0&amp;affiche=1&amp;fullsize=1\" alt=\"\" width=\"230\" height=\"164\" \/><\/td>\n<\/tr>\n<tr>\n<td>\n<h2>Marathon vert de Rennes 22 Octobre 2017<\/h2>\n<p><strong>42km<\/strong><br \/>\n157 Beignon St\u00e9phane 03:00: et et 11 secondes<br \/>\n305 Simon Sebastien\u00a0 03:14:20<br \/>\n385 Quemerais Anthony 03:21:17<\/td>\n<td width=\"200\"><img loading=\"lazy\" class=\"\" src=\"https:\/\/www.klikego.com\/documents?reference=1284761384288-25&amp;index=3&amp;affiche=1&amp;fullsize=1\" alt=\"\" width=\"192\" height=\"272\" \/><\/td>\n<\/tr>\n<tr>\n<td>\n<h2>trail de la c\u00f4te d&#8217;Emeraude 15 Octobre 2017<\/h2>\n<p><strong>Marche nordique 10km<\/strong><br \/>\n22 Martin Franck 01:09:58<br \/>\n52 Martin Christine 01:20:40<br \/>\nSuper<\/td>\n<td width=\"200\">\u00a0<img title=\"Cliquez pour agrandir l'image\" src=\"http:\/\/www.trail-cote-emeraude.fr\/topic\/Flyer_TRAIL_SMSL_2017_2.thumb.jpg\" alt=\"Cliquez pour agrandir l'image\" \/><\/td>\n<\/tr>\n<tr>\n<td>\n<h2>Servon sur Vilaine 14 Octobre 2017<\/h2>\n<p><strong>Foul\u00e9es de la St Denis 10km<\/strong><br \/>\n132 Morel Gaby 00:58:57<br \/>\n138 Chesneau Chryst\u00e8le 00:59:58<br \/>\nbravo les blondinettes \ud83d\ude09<\/td>\n<td width=\"200\"><\/td>\n<\/tr>\n<tr>\n<td>\n<h2>Tout Rennes court 08 Octobre 2017<\/h2>\n<p><strong>\u00a010km<\/strong><br \/>\n651 Chesneau Guy 00:44:14<br \/>\n2667 Doursenaud Virginie 00:56:15<\/p>\n<p><strong>21.1km<\/strong><br \/>\n182 Beignon St\u00e9phane 01:26:55<br \/>\n377 Quemerais Anthony 01:31:56<\/td>\n<td width=\"200\"><img loading=\"lazy\" class=\"_WCg\" src=\"https:\/\/encrypted-tbn2.gstatic.com\/images?q=tbn:ANd9GcSWbThOchQdVymHE9UyFXRjQ4VBi0BGI8va7qFJj6GBAJh2r0kIAxKseQ\" alt=\"\" width=\"218\" height=\"209\" \/><\/td>\n<\/tr>\n<tr>\n<td>\n<h2>le Petit Fougeray 07 Octobre 2017<\/h2>\n<p><strong>Trail nocturne 14km<\/strong><br \/>\n85 David Nelly 01:36:04<br \/>\n86 Berthelot Eric 01:36:04<\/td>\n<td width=\"200\"><img loading=\"lazy\" class=\"\" src=\"https:\/\/www.klikego.com\/documents?reference=1434879558465-4&amp;index=0&amp;affiche=1&amp;fullsize=1\" alt=\"\" width=\"176\" height=\"249\" \/><\/td>\n<\/tr>\n<tr>\n<td>\n<h2>La bigoudene 01 Octobre 2017<\/h2>\n<p><strong>\u00a010km<\/strong><br \/>\n490 Tracou Jo\u00eblle et Bruno 01:06:06<\/td>\n<td width=\"200\"><img loading=\"lazy\" class=\"\" src=\"https:\/\/www.klikego.com\/documents?reference=1467084697083-4&amp;index=0&amp;affiche=1&amp;fullsize=1\" alt=\"\" width=\"202\" height=\"283\" \/><\/td>\n<\/tr>\n<tr>\n<td>\n<h2>Courir pour la vie Janz\u00e9 30 Septembre 2017<\/h2>\n<p><strong>9,9 km<\/strong><br \/>\n11 Fouillet Etienne 00:40:11<br \/>\n22 Lemer Philippe 00:44:15<br \/>\n37 Levrel Philippe 00:48:00<\/p>\n<p>&nbsp;<\/p>\n<p>&nbsp;<\/td>\n<td width=\"200\"><img loading=\"lazy\" class=\"\" src=\"https:\/\/www.klikego.com\/documents?reference=1372057921066-5&amp;index=1&amp;affiche=1&amp;fullsize=1\" alt=\"\" width=\"174\" height=\"247\" \/><\/td>\n<\/tr>\n<tr>\n<td>\n<h2>la belle d&#8217;Org\u00e8res 30 Septembre 2017<\/h2>\n<p><strong>Trail court 24km<\/strong><br \/>\n32 Simon S\u00e9bastien 02:09:09<br \/>\n42 Beignon St\u00e9phane 02:10:08<\/p>\n<p><strong>Trail d\u00e9couverte 13km<\/strong><br \/>\n52 Chesneau Guy 01:07:43<br \/>\n251 Jadaud Aur\u00e9lie 01:38:18<\/td>\n<td width=\"200\"><img loading=\"lazy\" class=\"\" src=\"https:\/\/www.klikego.com\/documents?reference=1376363200535-5&amp;index=0&amp;affiche=1&amp;fullsize=1\" alt=\"\" width=\"192\" height=\"265\" \/><\/td>\n<\/tr>\n<tr>\n<td>\n<h2>Marathon de la vie 17 Septembre 2017<\/h2>\n<p>Chesneau Chryst\u00e8le<br \/>\nTracou Jo\u00eblle<br \/>\nBerthelot Eric<br \/>\nChesneau Guy<br \/>\nLemer Philippe<br \/>\nLe Barse St\u00e9phane<br \/>\nPaulin Pascal<\/td>\n<td width=\"200\"><img loading=\"lazy\" class=\"\" src=\"http:\/\/marathondelavie.org\/themes\/marathon\/css\/img\/bandeau_2015.jpg\" alt=\"http:\/\/marathondelavie.org\/themes\/marathon\/css\/img\/bandeau_2015.jpg\" width=\"201\" height=\"94\" \/><\/td>\n<\/tr>\n<tr>\n<td>\n<h2>Foul\u00e9es chartraines 17 Septembre 2017<\/h2>\n<p><strong>\u00a0 10\u00a0 km<\/strong><br \/>\n56 SIMON S\u00e9bastien 00:38:34 bravo!!<\/td>\n<td width=\"200\"><img loading=\"lazy\" class=\"\" src=\"https:\/\/www.klikego.com\/documents?reference=1370930390313-11&amp;index=0&amp;affiche=1&amp;fullsize=1\" alt=\"\" width=\"160\" height=\"225\" \/><\/td>\n<\/tr>\n<tr>\n<td>\n<h2>Marathon du Medoc 09 Septembre 2017<\/h2>\n<p><strong>\u00a042,195 km<\/strong><br \/>\n1299 COLLIAS Arnaud 05:00:30<\/td>\n<td width=\"200\"><img loading=\"lazy\" class=\"\" src=\"http:\/\/www.marathondumedoc.com\/images\/stories\/accueil\/visuel_2017.jpg\" alt=\"visuel_2017\" width=\"191\" height=\"246\" \/><\/td>\n<\/tr>\n<tr>\n<td>\n<h2>Trail la seltic\u00a0 26 et 27 Aout 2017<\/h2>\n<p><strong>15 km les gabelous<\/strong><br \/>\n24 FOUILLET Etienne 01:14:28<\/p>\n<p>&nbsp;<\/td>\n<td width=\"200\"><img loading=\"lazy\" class=\"\" src=\"https:\/\/www.klikego.com\/documents?reference=1406758849923-4&amp;index=0&amp;affiche=1&amp;fullsize=1\" alt=\"\" width=\"208\" height=\"276\" \/><\/td>\n<\/tr>\n<tr>\n<td>\n<h2>Trail du tertre gris 16 Juillet 2017<\/h2>\n<p><strong>Maratrail\u00a0 43 km<\/strong><br \/>\n14 BEIGNON St\u00e9phane 04:09:06<\/p>\n<p><strong>Le trail\u00a0 24 km<\/strong><br \/>\n60 FOUILLET Etienne 02:20:05<\/td>\n<td width=\"200\"><img loading=\"lazy\" class=\"\" src=\"https:\/\/www.klikego.com\/documents?reference=1361437218343-6&amp;index=0&amp;affiche=1&amp;fullsize=1\" alt=\"\" width=\"201\" height=\"283\" \/><\/td>\n<\/tr>\n<tr>\n<td>\n<h2>Trail du bout du monde 09 Juillet 2017<\/h2>\n<p><strong>57 km<\/strong><br \/>\n189 PAULIN Pascal 06:15:20<\/td>\n<td width=\"200\"><img loading=\"lazy\" id=\"cc-m-imagesubtitle-image-10165344883\" class=\"\" src=\"https:\/\/image.jimcdn.com\/app\/cms\/image\/transf\/dimension=578x10000:format=jpg\/path\/sfe32cc8a569ce1ab\/image\/i24e54c58b8c3ada3\/version\/1479810254\/image.jpg\" sizes=\"(min-width: 578px) 578px, 100vw\" srcset=\"https:\/\/image.jimcdn.com\/app\/cms\/image\/transf\/dimension=320x10000:format=jpg\/path\/sfe32cc8a569ce1ab\/image\/i24e54c58b8c3ada3\/version\/1479810254\/image.jpg 320w, https:\/\/image.jimcdn.com\/app\/cms\/image\/transf\/dimension=578x10000:format=jpg\/path\/sfe32cc8a569ce1ab\/image\/i24e54c58b8c3ada3\/version\/1479810254\/image.jpg 578w, https:\/\/image.jimcdn.com\/app\/cms\/image\/transf\/dimension=640x10000:format=jpg\/path\/sfe32cc8a569ce1ab\/image\/i24e54c58b8c3ada3\/version\/1479810254\/image.jpg 640w, https:\/\/image.jimcdn.com\/app\/cms\/image\/transf\/dimension=960x10000:format=jpg\/path\/sfe32cc8a569ce1ab\/image\/i24e54c58b8c3ada3\/version\/1479810254\/image.jpg 960w, https:\/\/image.jimcdn.com\/app\/cms\/image\/transf\/none\/path\/sfe32cc8a569ce1ab\/image\/i24e54c58b8c3ada3\/version\/1479810254\/image.jpg 1063w\" alt=\"\" width=\"185\" height=\"266\" data-src-width=\"1063\" data-src-height=\"1521\" data-src=\"https:\/\/image.jimcdn.com\/app\/cms\/image\/transf\/dimension=578x10000:format=jpg\/path\/sfe32cc8a569ce1ab\/image\/i24e54c58b8c3ada3\/version\/1479810254\/image.jpg\" data-image-id=\"6946897383\" \/><\/td>\n<\/tr>\n<tr>\n<td>\n<h2>Trail de l&#8217;\u00eele d&#8217;Yeu 16 Juin 2017<\/h2>\n<p><strong>13 km<\/strong><br \/>\n249 GOUILL VACHEYROUX Alexandra 01:36:38<\/td>\n<td width=\"200\"><img loading=\"lazy\" class=\"rg_ic rg_i\" src=\"https:\/\/encrypted-tbn0.gstatic.com\/images?q=tbn:ANd9GcROOH4Xd2PT01rczMpcRV7WKSo3ds4K2hz2wF8CwR8yMoXgnAXg\" alt=\"R\u00e9sultat de recherche d'images pour &quot;affiche trail de l'ile d'yeu 2017&quot;\" width=\"234\" height=\"117\" name=\"eNrdygjGPu2SOM:\" data-sz=\"f\" \/><\/td>\n<\/tr>\n<tr>\n<td>\n<h2>Trail du bo\u00ebl 11 Juin 2017<\/h2>\n<p><strong>24 km<\/strong><br \/>\n14 SIMON Sebastien 01:53:56<br \/>\n25 BEIGNON St\u00e9phane 01:59:03<br \/>\n29 QUEMERAIS Anthony 02:00:31<br \/>\n144 FOUILLET Etienne 02:17:31<\/td>\n<td width=\"200\"><img loading=\"lazy\" class=\"\" src=\"https:\/\/www.klikego.com\/documents?reference=1394961428823-5&amp;index=6&amp;affiche=1&amp;fullsize=1\" alt=\"\" width=\"189\" height=\"262\" \/><\/td>\n<\/tr>\n<tr>\n<td>\n<h2>Marathon du mont st michel 28 Mai 2017<\/h2>\n<p><strong>42,195 km<\/strong><br \/>\n125 BEIGNON St\u00e9phane 03:15:44<br \/>\n524 SIMON Sebastien 03:39:01<br \/>\n1361 COLLIAS Arnaud 04:05:00<\/td>\n<td width=\"200\"><img loading=\"lazy\" class=\"lazy-retina img-responsive\" src=\"http:\/\/medias.aso.fr\/epreuvedemasse\/img-marathonmontstmichel-jpg\/push-decouvrez-le-mt-jpg\/0022\/0:0,600:500-300-0-60\/8dd16\" alt=\"A.S.O. Challenges\" width=\"211\" height=\"176\" data-src=\"http:\/\/medias.aso.fr\/epreuvedemasse\/img-marathonmontstmichel-jpg\/push-decouvrez-le-mt-jpg\/0022\/0:0,600:500-300-0-60\/8dd16\" data-src-retina=\"http:\/\/medias.aso.fr\/epreuvedemasse\/img-marathonmontstmichel-jpg\/push-decouvrez-le-mt-jpg\/0022\/0:0,600:500-600-0-60\/2b7c8\" \/><\/td>\n<\/tr>\n<tr>\n<td>\n<h2>Marathon de Poitiers 28 Mai 2017<\/h2>\n<p><strong>42,195 km<\/strong><br \/>\n118 FOUILLET Etienne 03:33:45<\/td>\n<td width=\"200\"><img loading=\"lazy\" class=\"rg_ic rg_i\" src=\"https:\/\/encrypted-tbn0.gstatic.com\/images?q=tbn:ANd9GcTDn7pG4aYiBzJ3k9HAXEODgx_kCrYWFtMhgLcTfIiI_KcejGKA\" alt=\"R\u00e9sultat de recherche d'images pour &quot;affiche marathon poitiers 2017&quot;\" width=\"189\" height=\"234\" name=\"HKwq9FGMUiM09M:\" data-sz=\"f\" \/><\/td>\n<\/tr>\n<tr>\n<td>\n<h2>Foul\u00e9es rest\u00e9riennes 21 Mai 2017<\/h2>\n<p><strong>Marche nordique 12,1 km<\/strong><br \/>\n17 TROTTER Isabelle 01:31:48\u00a0 2\u00e8me bravo<br \/>\n22 MARTIN Franck 01:35:00<br \/>\n802 MARTIN Christine 01:46:43<\/td>\n<td width=\"200\"><img loading=\"lazy\" class=\"\" src=\"https:\/\/www.klikego.com\/documents?reference=1391403042922-4&amp;index=1&amp;affiche=1&amp;fullsize=1\" alt=\"\" width=\"178\" height=\"252\" \/><\/td>\n<\/tr>\n<tr>\n<td>\n<h2>trail d&#8217;Erquy 29 Avril 2017<\/h2>\n<p><strong>33km<\/strong><br \/>\n236 FOUILLET Etienne 03:11:43<br \/>\n476 BERTHELOT Eric 03:33:01<br \/>\n632 COLLIAS Arnaud 03:45:53<br \/>\n<strong>33km Duo<\/strong><br \/>\n71 DOURSENAUD Virginie TRACOU Joelle 03:41:14<br \/>\n<strong>14km<\/strong><br \/>\n801 GLOUX Jessica 01:38:32<br \/>\n802 FLOCH Erwan 01:38:33<\/td>\n<td width=\"200\"><img loading=\"lazy\" id=\"542162\" class=\"class764_16\" src=\"http:\/\/image2.erquy-tourisme.com\/article\/produit\/photo\/dossier764\/DOSSIERillustration\/77_2017-landes-et-bruyeres-affiche_petite.jpg\" alt=\"\" width=\"212\" height=\"212\" \/><\/td>\n<\/tr>\n<tr>\n<td>\n<h2>marathon de Paris 09 Avril 2017<\/h2>\n<p><strong>42km<\/strong><br \/>\n13030 LEMER Philippe 03:54:07<\/td>\n<td width=\"200\"><img loading=\"lazy\" class=\"spip_logos_right2\" src=\"http:\/\/www.marathons.fr\/IMG\/arton9573.jpg?1459892084\" alt=\"\" width=\"231\" height=\"135\" \/><\/td>\n<\/tr>\n<tr>\n<td>\n<h2>Semi marathon de Liffr\u00e9 09 Avril 2017<\/h2>\n<p><strong>21km<\/strong><br \/>\n126 FOUILLET Etienne 01:28:03<br \/>\n454MEAUDRE Jean-Ren\u00e9 01:46:53<\/td>\n<td width=\"200\"><img loading=\"lazy\" class=\"\" src=\"http:\/\/athletisme.usliffre.org\/images\/semi\/semi_2017\/Communication2017.jpg\" alt=\"Communication2017\" width=\"233\" height=\"121\" \/><\/td>\n<\/tr>\n<tr>\n<td>\n<h2>Rennes Urban Trail 02 Avril 2017<\/h2>\n<p><strong>\u00a07km<\/strong><br \/>\n835 TROTTER papa, maman et les filles 00:59:59 Trop sympa<br \/>\n<strong> 14km<\/strong><br \/>\n554 DOURSENAUD Virginie 01:25:52<br \/>\n<strong> 24km<\/strong><br \/>\n59 BEIGNON St\u00e9phane 01:50:21<br \/>\n129 QUEMERAIS Anthony 01:58:54<br \/>\n581 EVANO Benoit 02:27:23<br \/>\n618 LEMER Philippe 02:29:35<br \/>\n681 CHESNEAU Guy 02:32:20<br \/>\n784 LEVREL Philippe 02:36:39<br \/>\n<strong>Bravo \u00e0 toutes et tous<\/strong><\/td>\n<td width=\"200\"><img loading=\"lazy\" class=\"\" src=\"https:\/\/www.klikego.com\/documents?reference=1477428861475-1&amp;index=2\" alt=\"\" width=\"166\" height=\"235\" \/><\/td>\n<\/tr>\n<tr>\n<td>\n<h2>Trail des vall\u00e9es 26 Mars 2017<\/h2>\n<p><strong>marche nordique 12km<\/strong><br \/>\n4 TROTTER Yannick 01:29:34 4\u00e9me grrr, le podium se profile<br \/>\n8 TROTTER Isabelle 01:39:11 2\u00e9me V2 Bravo<\/td>\n<td width=\"200\"><img loading=\"lazy\" class=\"\" src=\"https:\/\/www.klikego.com\/documents?reference=1477123141472-1&amp;index=1\" alt=\"\" width=\"166\" height=\"235\" \/><\/td>\n<\/tr>\n<tr>\n<td>\n<h2>la nordique rennaise 19 Mars 2017<\/h2>\n<p><strong>9km<\/strong><br \/>\n7 TROTTER Yannick 00:54:53<br \/>\n13 MENARD Sylvie 00:58:46 1\u00e9re V1 F\u00e9licitations<br \/>\n14 TROTTER Isabelle 00:58:24 3\u00e9me V2 Bravo<br \/>\n21 AVIGNON Olivier 01:01:49<\/td>\n<td width=\"200\"><img loading=\"lazy\" class=\"\" src=\"https:\/\/www.klikego.com\/documents?reference=1292365507009-11&amp;index=0\" alt=\"\" width=\"151\" height=\"214\" \/><\/td>\n<\/tr>\n<tr>\n<td>\n<h2>Marathon des Hermines 05 Mars 2017<\/h2>\n<p><strong>marathon 42,195km<\/strong><br \/>\n66 RENAUD Jean-Yves 04:21:24 &#8220;4eme V3&#8221; au pied du podium <span style=\"text-decoration: underline;\">grrrrrrrr<\/span><\/td>\n<td width=\"200\"><img loading=\"lazy\" class=\"\" src=\"https:\/\/www.klikego.com\/documents?reference=1427507090682-9&amp;name=flyer2017.JPG\" alt=\"\" width=\"217\" height=\"111\" \/><\/td>\n<\/tr>\n<tr>\n<td>\n<h2>Foul\u00e9es Saint-Gilloises 05 Mars 2017<\/h2>\n<p><strong>Semi-marathon 21,1km<\/strong><br \/>\n69 BEIGNON St\u00e9phane 01:26:48\u00a0 &#8221; la puce impeccable&#8221;<\/td>\n<td width=\"200\"><img loading=\"lazy\" class=\"\" src=\"https:\/\/www.klikego.com\/documents?reference=1260829885238-7&amp;index=0\" alt=\"\" width=\"166\" height=\"235\" \/><\/td>\n<\/tr>\n<tr>\n<td>\n<h2>La Thor\u00e9fol\u00e9enne 26 F\u00e9vrier 2017<\/h2>\n<p><strong>15km<\/strong><br \/>\n47 SIMON S\u00e9bastien 01:00:09<br \/>\n70 FOUILLET Etienne 01:02:10<\/td>\n<td width=\"200\"><img loading=\"lazy\" class=\"\" src=\"https:\/\/www.klikego.com\/documents?reference=1353543629265-5&amp;index=5\" alt=\"\" width=\"151\" height=\"214\" \/><\/td>\n<\/tr>\n<tr>\n<td>\n<h2>Les foul\u00e9es de Saint Armel 19 F\u00e9vrier 2017<\/h2>\n<p><strong>10km<\/strong><br \/>\n??BEIGNON St\u00e9phane 39:10 inv\u00e9rifiable, puce defaillante (on veut bien!!)<\/p>\n<p><strong>Marche nordique 11km<\/strong><br \/>\n10 TROTTER Yannick 01:13:16<br \/>\n32 TROTTER Isabelle 01:20:15<br \/>\n55 MARTIN Franck 01:29:13<br \/>\n62 MARTIN Christine 01:34:01<\/td>\n<td width=\"200\">\u00a0<img loading=\"lazy\" class=\"\" src=\"https:\/\/www.klikego.com\/documents?reference=1382931949379-4&amp;index=0\" alt=\"\" width=\"197\" height=\"279\" \/><\/td>\n<\/tr>\n<tr>\n<td>\n<h2>Trail du Glazig-Dimanche 05 F\u00e9vrier 2017<\/h2>\n<p><strong>Noz D\u00e9couverte 9km<\/strong><br \/>\n477 CHESNEAU Chrystelle 01:17:16<br \/>\n<strong>Super Trail 54km<\/strong><br \/>\n131 BEIGNON St\u00e9phane 05:54:05<br \/>\n173 SIMON S\u00e9bastien 06:08:14<br \/>\n174 QUEMERAIS Anthony 06:08:16<br \/>\n324 FOUILLET Etienne 06:42:34<br \/>\n452 PAULIN Pascal 07:05:30<\/td>\n<td width=\"200\"><a href=\"http:\/\/www.courir-a-corps-nuds.fr\/?attachment_id=5003\" rel=\"attachment wp-att-5003\"><img loading=\"lazy\" class=\" size-full wp-image-5003 alignnone\" src=\"http:\/\/www.courir-a-corps-nuds.fr\/wp-content\/uploads\/2015\/01\/trail-glazig-plourhan-e1486393281399.jpg\" alt=\"trail-glazig-plourhan\" width=\"185\" height=\"132\" \/><\/a><\/td>\n<\/tr>\n<tr>\n<td>\n<h2>Trail du clocher tors \u00e0 Quebriac 22 Janvier 2017<\/h2>\n<p><strong>15km<\/strong><br \/>\n227 DOURSENAUD Virginie 01:43:26<br \/>\n<strong>27km<\/strong><br \/>\n109 FOUILLET Etienne 02:25:37<br \/>\n139 CHESNEAU Guy 02:29:50<br \/>\n183 PAULIN Pascal 02:38:06<\/td>\n<td width=\"200\"><a href=\"http:\/\/www.courir-a-corps-nuds.fr\/?attachment_id=5006\" rel=\"attachment wp-att-5006\"><img loading=\"lazy\" class=\"alignleft wp-image-5006\" src=\"http:\/\/www.courir-a-corps-nuds.fr\/wp-content\/uploads\/2015\/01\/trailQuebriac.jpg\" alt=\"trailQuebriac\" width=\"181\" height=\"256\" \/><\/a><\/td>\n<\/tr>\n<tr>\n<td>\n<h2>Les M\u00e9tropolitaines de Saint Gr\u00e9goire-Dimanche 15 Janvier 2017<\/h2>\n<p><strong>10km\u00a0 Daunat<\/strong><br \/>\n175 BEIGNON St\u00e9phane 39:11<br \/>\n238 SIMON S\u00e9bastien 40:09<br \/>\n695 MEAUDRE Jean Ren\u00e9 45:57<\/td>\n<td width=\"200\"><a href=\"http:\/\/www.courir-a-corps-nuds.fr\/?attachment_id=4979\" rel=\"attachment wp-att-4979\"><img loading=\"lazy\" class=\" size-full wp-image-4979 alignleft\" src=\"http:\/\/www.courir-a-corps-nuds.fr\/wp-content\/uploads\/2015\/01\/Affiche-e1484586008794.jpg\" alt=\"Affiche\" width=\"185\" height=\"262\" \/><\/a><\/td>\n<\/tr>\n<tr>\n<td>\n<h2>Course Nature de la Vall\u00e9e de la Seiche -Samedi 10 et Dimanche 11 D\u00e9cembre 2016<\/h2>\n<p><strong>10km Nocturne<\/strong><br \/>\n24 SIMON S\u00e9bastien 44:53<br \/>\n76 PAULIN Pascal 51:27<br \/>\n150 DAVID Nelly 59:18<br \/>\n151 BERTHELOT Eric 59:18<br \/>\n153 TROTTER Yannick 59:21<br \/>\n184 TRACOU Joelle\u00a0 01:02:10<br \/>\n<strong>Course Nature 10km<br \/>\n<\/strong>84 MOREL Gabrielle 01:00:17<br \/>\n85 DAVID Nelly 01:00:17<br \/>\n96 TRACOU Joelle 01:02:03<br \/>\n<strong>Course Nature 20km<\/strong><br \/>\n27 SIMON S\u00e9bastien 01:26:44<br \/>\n56 CHESNEAU Guy 01:32:12<br \/>\n76 PAULIN Pascal 01:34:50<\/td>\n<td width=\"200\"><a href=\"http:\/\/www.courir-a-corps-nuds.fr\/?attachment_id=4945\" rel=\"attachment wp-att-4945\"><img loading=\"lazy\" class=\" size-full wp-image-4945 alignleft\" src=\"http:\/\/www.courir-a-corps-nuds.fr\/wp-content\/uploads\/2015\/01\/index10-e1481465570783.jpg\" alt=\"index\" width=\"185\" height=\"172\" \/><\/a><\/td>\n<\/tr>\n<tr>\n<td>\n<h2>Trail du Porteur d&#8217;eau -Dimanche 04 D\u00e9cembre 2016<\/h2>\n<p><strong>18km<\/strong><br \/>\n117 MEAUDRE Jean ren\u00e9 01:43:56<\/td>\n<td width=\"200\"><a href=\"http:\/\/www.courir-a-corps-nuds.fr\/?attachment_id=4917\" rel=\"attachment wp-att-4917\"><img loading=\"lazy\" class=\"alignleft size-full wp-image-4917\" src=\"http:\/\/www.courir-a-corps-nuds.fr\/wp-content\/uploads\/2015\/01\/index9-e1480954429999.jpg\" alt=\"index\" width=\"185\" height=\"261\" \/><\/a><\/td>\n<\/tr>\n<tr>\n<td>\n<h2>La Rotte des Gobions Vert -Dimanche 04 D\u00e9cembre 2016<\/h2>\n<p><strong>15km<\/strong><br \/>\n323 CHESNEAU Chrystelle 01:27:58<br \/>\n324 TRACOU Joelle 01:27:59<br \/>\n<strong>25km<\/strong><br \/>\n65 CHESNEAU Guy 01:55:47<\/td>\n<td width=\"200\"><a href=\"http:\/\/www.courir-a-corps-nuds.fr\/?attachment_id=4918\" rel=\"attachment wp-att-4918\"><img loading=\"lazy\" class=\"alignleft size-full wp-image-4918\" src=\"http:\/\/www.courir-a-corps-nuds.fr\/wp-content\/uploads\/2015\/01\/image1-e1480954515784.jpg\" alt=\"image\" width=\"185\" height=\"262\" \/><\/a><\/td>\n<\/tr>\n<tr>\n<td>\n<h2>Marathon de la Rochelle -Dimanche 27 Novembre 2016<\/h2>\n<p><strong>42,2km<\/strong><br \/>\n421 BEIGNON St\u00e9phane 02:58:16<\/td>\n<td width=\"200\"><a href=\"http:\/\/www.courir-a-corps-nuds.fr\/?attachment_id=4908\" rel=\"attachment wp-att-4908\"><img loading=\"lazy\" class=\"alignleft size-full wp-image-4908\" src=\"http:\/\/www.courir-a-corps-nuds.fr\/wp-content\/uploads\/2015\/01\/index8-e1480609638220.jpg\" alt=\"index\" width=\"185\" height=\"261\" \/><\/a><\/td>\n<\/tr>\n<tr>\n<td>\n<h2>Trail de la M\u00e9e -Dimanche 20 Novembre 2016<\/h2>\n<p><strong>13km<\/strong><br \/>\n28 FOUILLET Etienne 01:03:24<br \/>\n65 MEAUDRE Jean Ren\u00e9 01:11:27<br \/>\n<strong>Marche nordique<\/strong><br \/>\n12 TROTTER Yannick 01:38:23<\/td>\n<td width=\"200\">\u00a0<a href=\"http:\/\/www.courir-a-corps-nuds.fr\/?attachment_id=4892\" rel=\"attachment wp-att-4892\"><img loading=\"lazy\" class=\" wp-image-4892 alignleft\" src=\"http:\/\/www.courir-a-corps-nuds.fr\/wp-content\/uploads\/2015\/01\/image-212x300.jpg\" alt=\"image\" width=\"185\" height=\"262\" \/><\/a><\/td>\n<\/tr>\n<tr>\n<td>\n<h2>Marathon Vert -Dimanche 23 Octobre 2016<\/h2>\n<p><strong>42,2km<\/strong><br \/>\n1261 RENAUD Jean Yves 04:16:15<\/td>\n<td width=\"200\"><a href=\"http:\/\/www.courir-a-corps-nuds.fr\/?attachment_id=4807\" rel=\"attachment wp-att-4807\"><img loading=\"lazy\" class=\" size-full wp-image-4807 alignleft\" src=\"http:\/\/www.courir-a-corps-nuds.fr\/wp-content\/uploads\/2015\/01\/index7-e1477649528732.jpg\" alt=\"index\" width=\"160\" height=\"159\" \/><\/a><\/td>\n<\/tr>\n<tr>\n<td>\n<h2>Marathon de Vannes -Dimanche 16 Octobre 2016<\/h2>\n<p><strong>42,2km<\/strong><br \/>\n167 QUEMERAIS Anthony 03:26:15<br \/>\n473 FOUILLET Etienne 03:49:54<\/td>\n<td width=\"200\"><a href=\"http:\/\/www.courir-a-corps-nuds.fr\/?attachment_id=4805\" rel=\"attachment wp-att-4805\"><img loading=\"lazy\" class=\" size-full wp-image-4805 alignleft\" src=\"http:\/\/www.courir-a-corps-nuds.fr\/wp-content\/uploads\/2015\/01\/index6-e1477648791966.jpg\" alt=\"index\" width=\"185\" height=\"77\" \/><\/a><\/td>\n<\/tr>\n<tr>\n<td>\n<h2>Trail de Nouvoitou -Dimanche 16 Octobre 2016<\/h2>\n<p><strong>14km<\/strong><br \/>\n106 LEMER Phillipe 01:12:51<br \/>\n107 LE BARSE St\u00e9phane 01:12:51<br \/>\n126 FLOCH Erwann 01:14:19<br \/>\n157 MEAUDRE Jean Ren\u00e9 01:18:14<br \/>\n<strong>28km<\/strong><br \/>\n75 PAULIN Pascal 02:43:41<\/td>\n<td width=\"200\"><a href=\"http:\/\/www.courir-a-corps-nuds.fr\/?attachment_id=4800\" rel=\"attachment wp-att-4800\"><img loading=\"lazy\" class=\" wp-image-4800 alignleft\" src=\"http:\/\/www.courir-a-corps-nuds.fr\/wp-content\/uploads\/2015\/01\/ob_3a1477_affiche-trail-2016.png-712x1024.jpg\" alt=\"ob_3a1477_affiche-trail-2016-png\" width=\"185\" height=\"266\" \/><\/a><\/td>\n<\/tr>\n<tr>\n<td>\n<h2>Tout Rennes Court -Dimanche 09 Octobre 2016<\/h2>\n<p><strong>10km<\/strong><br \/>\n1641 MEAUDRE Jean Ren\u00e9 49:23<br \/>\n2382 AUTRET Murielle 55:16<br \/>\n3328 TROTTER Yannick 57:24<br \/>\n<strong>21,1km<\/strong><br \/>\n1206 FLOCH Erwann\u00a0 01:44:48<br \/>\n1402 COLLIAS Arnaud 01:47:07<br \/>\n2630 ECOBICHON Anne 02:08:04<\/td>\n<td width=\"200\"><a href=\"http:\/\/www.courir-a-corps-nuds.fr\/?attachment_id=4798\" rel=\"attachment wp-att-4798\"><img loading=\"lazy\" class=\" wp-image-4798 alignleft\" src=\"http:\/\/www.courir-a-corps-nuds.fr\/wp-content\/uploads\/2015\/01\/index5-e1476622088464.jpg\" alt=\"index\" width=\"185\" height=\"168\" \/><\/a><\/td>\n<\/tr>\n<tr>\n<td>\n<h2>Marathon de Budapest -Dimanche 09 Octobre 2016<\/h2>\n<p><strong>42,2km<\/strong><br \/>\n398 CHESNEAU Guy 03:23:41<\/td>\n<td width=\"200\"><a href=\"http:\/\/www.courir-a-corps-nuds.fr\/?attachment_id=4797\" rel=\"attachment wp-att-4797\"><img loading=\"lazy\" class=\" size-full wp-image-4797 alignleft\" src=\"http:\/\/www.courir-a-corps-nuds.fr\/wp-content\/uploads\/2015\/01\/index4-e1476621054669.jpg\" alt=\"index\" width=\"185\" height=\"149\" \/><\/a><\/td>\n<\/tr>\n<tr>\n<td>\n<h2>Course nocturne Petit Fougeray -Samedi 1er Octobre 2016<\/h2>\n<p><strong>12km<\/strong><br \/>\n54 LE BARSE St\u00e9phane 01:03:25<br \/>\n56 PAULIN Pascal 01:03:37<br \/>\n99 BERTHELOT Eric 01:14:42<br \/>\n100 CHESNEAU Guy 01:14:42<br \/>\n101 FRALEUX Daniel 01:14:42<\/td>\n<td width=\"200\"><a href=\"http:\/\/www.courir-a-corps-nuds.fr\/?attachment_id=4738\" rel=\"attachment wp-att-4738\"><img loading=\"lazy\" class=\" wp-image-4738 alignleft\" src=\"http:\/\/www.courir-a-corps-nuds.fr\/wp-content\/uploads\/2015\/01\/Espoirs-Affiche-A4-octobre-2016-724x1024.jpg\" alt=\"espoirs-affiche-a4-octobre-2016\" width=\"185\" height=\"262\" \/><\/a><\/td>\n<\/tr>\n<tr>\n<td>\n<h2>Semi marathon Auray Vannes -dimanche 10 Septembre 2016<\/h2>\n<p><strong>21,1km<\/strong><br \/>\n1073 COLLIAS Arnaud 01:56:18<\/td>\n<td width=\"200\"><a href=\"http:\/\/www.courir-a-corps-nuds.fr\/?attachment_id=4715\" rel=\"attachment wp-att-4715\"><img loading=\"lazy\" class=\" size-full wp-image-4715 alignleft\" src=\"http:\/\/www.courir-a-corps-nuds.fr\/wp-content\/uploads\/2015\/01\/index3-e1474272808791.jpg\" alt=\"index\" width=\"185\" height=\"132\" \/><\/a><\/td>\n<\/tr>\n<tr>\n<td>\n<h2>marathon du M\u00e9doc -Samedi 10 Septembre 2016<\/h2>\n<p><strong>42,2km<\/strong><br \/>\n6464\u00a0 LEMER Phillipe 06:46:51<\/td>\n<td width=\"200\"><a href=\"http:\/\/www.courir-a-corps-nuds.fr\/?attachment_id=4713\" rel=\"attachment wp-att-4713\"><img loading=\"lazy\" class=\" wp-image-4713 alignleft\" src=\"http:\/\/www.courir-a-corps-nuds.fr\/wp-content\/uploads\/2015\/01\/Marathon-du-m\u00e9doc-affiche_2016-724x1024.jpg\" alt=\"marathon-du-medoc-affiche_2016\" width=\"185\" height=\"261\" \/><\/a><\/td>\n<\/tr>\n<tr>\n<td>\n<h2>Semi marathon Cancale -St malo -Dimanche 04 Septembre 2016<\/h2>\n<p><strong>21,1km<\/strong><br \/>\n82 MENARD Eric 01:26:08<br \/>\n772 CHESNEAU Guy 01:44:16<\/td>\n<td width=\"200\"><a href=\"http:\/\/www.courir-a-corps-nuds.fr\/?attachment_id=4711\" rel=\"attachment wp-att-4711\"><img loading=\"lazy\" class=\"aligncenter size-full wp-image-4711\" src=\"http:\/\/www.courir-a-corps-nuds.fr\/wp-content\/uploads\/2015\/01\/1455911052-e1474271934236.png\" alt=\"1455911052\" width=\"185\" height=\"261\" \/><\/a><\/td>\n<\/tr>\n<tr>\n<td>\n<h2>Course nature le Seltic -Dimanche 28 Aout 2016<\/h2>\n<p><strong>14,5km<\/strong><br \/>\n28 FOUILLET Etienne 01:10:00<\/td>\n<td width=\"200\"><a href=\"http:\/\/www.courir-a-corps-nuds.fr\/?attachment_id=4709\" rel=\"attachment wp-att-4709\"><img loading=\"lazy\" class=\"aligncenter size-full wp-image-4709\" src=\"http:\/\/www.courir-a-corps-nuds.fr\/wp-content\/uploads\/2015\/01\/index2-e1474271650903.jpg\" alt=\"index\" width=\"185\" height=\"121\" \/><\/a><\/td>\n<\/tr>\n<tr>\n<td>\n<h2>Trail du Tertre Gris -Dimanche 17 Juillet 2016<\/h2>\n<p><strong>43km<\/strong><br \/>\n66 FOUILLET Etienne 05:12:15<br \/>\n<strong>24km<\/strong><br \/>\n27 QUEMERAIS Anthony 02:15:27<br \/>\n126 LEVREL Philippe 02:48:29<\/td>\n<td width=\"200\"><a href=\"http:\/\/www.courir-a-corps-nuds.fr\/?attachment_id=4708\" rel=\"attachment wp-att-4708\"><img loading=\"lazy\" class=\"aligncenter size-full wp-image-4708\" src=\"http:\/\/www.courir-a-corps-nuds.fr\/wp-content\/uploads\/2015\/01\/affiche_TTG2016-e1474271185253.jpg\" alt=\"affiche_ttg2016\" width=\"185\" height=\"262\" \/><\/a><\/td>\n<\/tr>\n<tr>\n<td>\n<h2>Trail du bout du monde -Dimanche 10 Juillet 2016<\/h2>\n<p><strong>57km<\/strong><br \/>\n38 BEIGNON St\u00e9phane 05:16:29<br \/>\n163 PAULIN Pascal 06:04:22<\/td>\n<td width=\"200\"><a href=\"http:\/\/www.courir-a-corps-nuds.fr\/?attachment_id=4707\" rel=\"attachment wp-att-4707\"><img loading=\"lazy\" class=\" wp-image-4707 alignleft\" src=\"http:\/\/www.courir-a-corps-nuds.fr\/wp-content\/uploads\/2015\/01\/index1.jpg\" alt=\"index\" width=\"180\" height=\"258\" srcset=\"http:\/\/www.courir-a-corps-nuds.fr\/wp-content\/uploads\/2015\/01\/index1.jpg 188w, http:\/\/www.courir-a-corps-nuds.fr\/wp-content\/uploads\/2015\/01\/index1-105x150.jpg 105w\" sizes=\"(max-width: 180px) 100vw, 180px\" \/><\/a><\/td>\n<\/tr>\n<tr>\n<td>\n<h2>Trail des Ebihens -Dimanche 19 Juin 2016<\/h2>\n<p><strong>20,3km<\/strong><br \/>\n261 CHESNEAU Guy 01:48:23<br \/>\n321 LEBARSE St\u00e9phane 01:51:16<br \/>\n427 LEVREL Philippe 01:56:54<br \/>\n805 TRACOU Jo\u00eblle\u00a0 02:21:36<br \/>\n811 AUTRET Murielle 02:22:24<br \/>\n836 CHESNEAU Chrystelle 02:24:45<\/td>\n<td width=\"200\">\u00a0<a href=\"http:\/\/www.courir-a-corps-nuds.fr\/?attachment_id=4605\" rel=\"attachment wp-att-4605\"><img loading=\"lazy\" class=\" size-full wp-image-4605 alignleft\" src=\"http:\/\/www.courir-a-corps-nuds.fr\/wp-content\/uploads\/2015\/01\/index-e1467052811287.jpg\" alt=\"index\" width=\"185\" height=\"132\" srcset=\"http:\/\/www.courir-a-corps-nuds.fr\/wp-content\/uploads\/2015\/01\/index-e1467052811287.jpg 185w, http:\/\/www.courir-a-corps-nuds.fr\/wp-content\/uploads\/2015\/01\/index-e1467052811287-150x107.jpg 150w\" sizes=\"(max-width: 185px) 100vw, 185px\" \/><\/a><\/td>\n<\/tr>\n<tr>\n<td>\n<h2>Trail de l&#8217;Odet -Samedi 11 Juin 2016<\/h2>\n<p><strong>13km<\/strong><br \/>\n187 COLLIAS Arnaud 01:17:17<br \/>\n330 MOREL Gabrielle 01:30:49<br \/>\n363 TRACOU Joelle 01:36:06<br \/>\n396 CHESNEAU Chrystelle 01:44:35<br \/>\n401 TRACOU Bruno 01:47:42<br \/>\n<strong>24km<\/strong><br \/>\n104 PAULIN Pascal 02:30:14<br \/>\n122 CHESNEAU Guy 02:33:58<br \/>\n184 LE BARSE Stephane 02:49:22<br \/>\n185 LEMER Philippe 02:49:23<br \/>\n202 RENAUD Jean-yves 02:56:28<br \/>\n206 CHARUEL S\u00e9bastien 02:58:15<\/td>\n<td width=\"200\"><a href=\"http:\/\/www.courir-a-corps-nuds.fr\/?attachment_id=4584\" rel=\"attachment wp-att-4584\"><img loading=\"lazy\" class=\" size-full wp-image-4584 alignleft\" src=\"http:\/\/www.courir-a-corps-nuds.fr\/wp-content\/uploads\/2015\/01\/trailflyer2016-e1466436821869.png\" alt=\"trailflyer2016\" width=\"185\" height=\"297\" srcset=\"http:\/\/www.courir-a-corps-nuds.fr\/wp-content\/uploads\/2015\/01\/trailflyer2016-e1466436821869.png 185w, http:\/\/www.courir-a-corps-nuds.fr\/wp-content\/uploads\/2015\/01\/trailflyer2016-e1466436821869-93x150.png 93w\" sizes=\"(max-width: 185px) 100vw, 185px\" \/><\/a><\/td>\n<\/tr>\n<tr>\n<td>\n<h2>Trail du Boel -Dimanche 05 Juin 2016<\/h2>\n<p><strong>14km<\/strong><br \/>\n31 QUEMERAIS Anthony 01:06:18<br \/>\n60 FOUILLET Etienne 01:09:49<br \/>\n89 CHESNEAU Guy 01:12:40<\/td>\n<td width=\"200\"><a href=\"http:\/\/www.courir-a-corps-nuds.fr\/?attachment_id=4603\" rel=\"attachment wp-att-4603\"><img loading=\"lazy\" class=\" size-full wp-image-4603 alignleft\" src=\"http:\/\/www.courir-a-corps-nuds.fr\/wp-content\/uploads\/2015\/01\/boel-250x175-e1467043254132.png\" alt=\"boel-250x175\" width=\"185\" height=\"130\" srcset=\"http:\/\/www.courir-a-corps-nuds.fr\/wp-content\/uploads\/2015\/01\/boel-250x175-e1467043254132.png 185w, http:\/\/www.courir-a-corps-nuds.fr\/wp-content\/uploads\/2015\/01\/boel-250x175-e1467043254132-150x105.png 150w\" sizes=\"(max-width: 185px) 100vw, 185px\" \/><\/a><\/td>\n<\/tr>\n<tr>\n<td>\n<h2>Trail de Guerl\u00e9dan -Dimanche 15 Mai 2016<\/h2>\n<p><strong>58km<\/strong><br \/>\n163 BEIGNON Stephane 06:59:35<br \/>\n416 PAULIN Pascal 07:59:06<br \/>\n677 CHESNEAU Guy\u00a0 08:59:50<\/td>\n<td width=\"200\"><a href=\"http:\/\/www.courir-a-corps-nuds.fr\/?attachment_id=4528\" rel=\"attachment wp-att-4528\"><img loading=\"lazy\" class=\" wp-image-4528 alignleft\" src=\"http:\/\/www.courir-a-corps-nuds.fr\/wp-content\/uploads\/2015\/01\/logo2012-1024x503.jpg\" alt=\"logo2012\" width=\"185\" height=\"91\" \/><\/a><\/td>\n<\/tr>\n<tr>\n<td>\n<h2>Trail des vignes -Samedi 07 Mai 2016<\/h2>\n<p><strong>19km<\/strong><br \/>\n207 AUTRET Murielle 02:07:37<br \/>\n213 TRACOU Jo\u00eblle 02:13:43<br \/>\n<strong>29km<\/strong><br \/>\n151 COLLET Josyane 03:49:35<\/td>\n<td width=\"200\"><a href=\"http:\/\/www.courir-a-corps-nuds.fr\/?attachment_id=4527\" rel=\"attachment wp-att-4527\"><img loading=\"lazy\" class=\" size-full wp-image-4527 alignnone\" src=\"http:\/\/www.courir-a-corps-nuds.fr\/wp-content\/uploads\/2015\/01\/bibchip-756ba850-e1464121338614.jpg\" alt=\"bibchip-756ba850\" width=\"185\" height=\"260\" srcset=\"http:\/\/www.courir-a-corps-nuds.fr\/wp-content\/uploads\/2015\/01\/bibchip-756ba850-e1464121338614.jpg 185w, http:\/\/www.courir-a-corps-nuds.fr\/wp-content\/uploads\/2015\/01\/bibchip-756ba850-e1464121338614-107x150.jpg 107w\" sizes=\"(max-width: 185px) 100vw, 185px\" \/><\/a><\/td>\n<\/tr>\n<tr>\n<td>\n<h2>Marathon de Nantes -Dimanche 17 Avril 2016<\/h2>\n<p><strong>42,2km<\/strong><br \/>\n146 BEIGNON Stephane 02:58.53<\/td>\n<td width=\"200\"><a href=\"http:\/\/www.courir-a-corps-nuds.fr\/?attachment_id=4497\" rel=\"attachment wp-att-4497\"><img loading=\"lazy\" class=\" size-full wp-image-4497 alignleft\" src=\"http:\/\/www.courir-a-corps-nuds.fr\/wp-content\/uploads\/2015\/01\/bloc-marque-marathon-retina-e1461517937533.png\" alt=\"bloc-marque-marathon-retina\" width=\"185\" height=\"95\" srcset=\"http:\/\/www.courir-a-corps-nuds.fr\/wp-content\/uploads\/2015\/01\/bloc-marque-marathon-retina-e1461517937533.png 185w, http:\/\/www.courir-a-corps-nuds.fr\/wp-content\/uploads\/2015\/01\/bloc-marque-marathon-retina-e1461517937533-150x77.png 150w\" sizes=\"(max-width: 185px) 100vw, 185px\" \/><\/a><\/td>\n<\/tr>\n<tr>\n<td>\n<h2>Semi marathon de liffr\u00e9 -Dimanche 10 Avril 2016<\/h2>\n<p><strong>21,1km<\/strong><br \/>\n291 GICQUEL Christophe 01:35.51<\/td>\n<td width=\"200\"><a href=\"http:\/\/www.courir-a-corps-nuds.fr\/?attachment_id=4495\" rel=\"attachment wp-att-4495\"><img loading=\"lazy\" class=\" wp-image-4495 alignleft\" src=\"http:\/\/www.courir-a-corps-nuds.fr\/wp-content\/uploads\/2015\/01\/visuel_marathon_liffre_2016-1024x530.png\" alt=\"visuel_marathon_liffre_2016\" width=\"185\" height=\"96\" \/><\/a><\/td>\n<\/tr>\n<tr>\n<td>\n<h2>Trail du Kreiz Breizh &#8211; Dimanche 27 mars 2016<\/h2>\n<p><strong>60km<\/strong><br \/>\n36 PAULIN Pascal 09:08.25<\/td>\n<td width=\"200\"><a href=\"http:\/\/www.courir-a-corps-nuds.fr\/?attachment_id=4491\" rel=\"attachment wp-att-4491\"><img loading=\"lazy\" class=\" size-full wp-image-4491 alignleft\" src=\"http:\/\/www.courir-a-corps-nuds.fr\/wp-content\/uploads\/2015\/01\/Logo_TKB-e1460905294898.jpg\" alt=\"Logo_TKB\" width=\"185\" height=\"237\" srcset=\"http:\/\/www.courir-a-corps-nuds.fr\/wp-content\/uploads\/2015\/01\/Logo_TKB-e1460905294898.jpg 185w, http:\/\/www.courir-a-corps-nuds.fr\/wp-content\/uploads\/2015\/01\/Logo_TKB-e1460905294898-117x150.jpg 117w\" sizes=\"(max-width: 185px) 100vw, 185px\" \/><\/a><\/td>\n<\/tr>\n<tr>\n<td>\n<h2>Trail des 3 Chapelles &#8211; Samedi 19 mars 2016<\/h2>\n<p><strong>22km<\/strong><br \/>\n62 PAULIN Pascal 1:58.34<br \/>\n99 CHESNEAU Guy 2:04.02<\/td>\n<td width=\"200\"><a href=\"http:\/\/www.courir-a-corps-nuds.fr\/?attachment_id=4489\" rel=\"attachment wp-att-4489\"><img loading=\"lazy\" class=\" size-full wp-image-4489 alignleft\" src=\"http:\/\/www.courir-a-corps-nuds.fr\/wp-content\/uploads\/2015\/01\/trail-3-chapelles-e1460904309834.jpg\" alt=\"trail-3-chapelles\" width=\"185\" height=\"132\" srcset=\"http:\/\/www.courir-a-corps-nuds.fr\/wp-content\/uploads\/2015\/01\/trail-3-chapelles-e1460904309834.jpg 185w, http:\/\/www.courir-a-corps-nuds.fr\/wp-content\/uploads\/2015\/01\/trail-3-chapelles-e1460904309834-150x107.jpg 150w\" sizes=\"(max-width: 185px) 100vw, 185px\" \/><\/a><\/td>\n<\/tr>\n<tr>\n<td>\n<h2>Marathon de Barcelone &#8211; Dimanche 13 mars 2016<\/h2>\n<p><strong>42,2km<\/strong><br \/>\n4144 GICQUEL Christophe 3:27.17<\/td>\n<td width=\"200\"><a href=\"http:\/\/www.courir-a-corps-nuds.fr\/?attachment_id=4493\" rel=\"attachment wp-att-4493\"><img loading=\"lazy\" class=\"aligncenter size-full wp-image-4493\" src=\"http:\/\/www.courir-a-corps-nuds.fr\/wp-content\/uploads\/2015\/01\/logo-marathon-barcelone-vo2maxvoyages-e1460918946690.png\" alt=\"logo-marathon-barcelone-vo2maxvoyages\" width=\"185\" height=\"76\" srcset=\"http:\/\/www.courir-a-corps-nuds.fr\/wp-content\/uploads\/2015\/01\/logo-marathon-barcelone-vo2maxvoyages-e1460918946690.png 185w, http:\/\/www.courir-a-corps-nuds.fr\/wp-content\/uploads\/2015\/01\/logo-marathon-barcelone-vo2maxvoyages-e1460918946690-150x62.png 150w\" sizes=\"(max-width: 185px) 100vw, 185px\" \/><\/a><\/td>\n<\/tr>\n<tr>\n<td>\n<h2>Marathon des hermines &#8211; Dimanche 06 mars 2016<\/h2>\n<p><strong>42,2km<\/strong><br \/>\n67 RENAUD Jean yves 4:07.52<\/td>\n<td width=\"200\"><a href=\"http:\/\/www.courir-a-corps-nuds.fr\/?attachment_id=4467\" rel=\"attachment wp-att-4467\"><img loading=\"lazy\" class=\" size-full wp-image-4467 alignleft\" src=\"http:\/\/www.courir-a-corps-nuds.fr\/wp-content\/uploads\/2015\/01\/marathon-des-hermines-e1457547467740.jpg\" alt=\"marathon-des-hermines\" width=\"185\" height=\"132\" srcset=\"http:\/\/www.courir-a-corps-nuds.fr\/wp-content\/uploads\/2015\/01\/marathon-des-hermines-e1457547467740.jpg 185w, http:\/\/www.courir-a-corps-nuds.fr\/wp-content\/uploads\/2015\/01\/marathon-des-hermines-e1457547467740-150x107.jpg 150w\" sizes=\"(max-width: 185px) 100vw, 185px\" \/><\/a><\/td>\n<\/tr>\n<tr>\n<td>\n<h2>Trail de la Pointe du Grouin\u00a0&#8211;\u00a0Dimanche 06 mars 2016<\/h2>\n<p><strong>23km<\/strong><br \/>\n176\u00a0FOUILLET Etienne\u00a02:13.46<br \/>\n196\u00a0PAULIN Pascal\u00a02:15.07<br \/>\n361 LEBARSE Stephane 2:30.37<br \/>\n537 EVANO Benoit 2:52.37<\/td>\n<td width=\"200\">\u00a0<a href=\"http:\/\/www.courir-a-corps-nuds.fr\/?attachment_id=4465\" rel=\"attachment wp-att-4465\"><img loading=\"lazy\" class=\" size-full wp-image-4465 alignleft\" src=\"http:\/\/www.courir-a-corps-nuds.fr\/wp-content\/uploads\/2015\/01\/flyer2016p01-page001vignette-e1457421925610.jpg\" alt=\"CANCALE\" width=\"185\" height=\"262\" srcset=\"http:\/\/www.courir-a-corps-nuds.fr\/wp-content\/uploads\/2015\/01\/flyer2016p01-page001vignette-e1457421925610.jpg 185w, http:\/\/www.courir-a-corps-nuds.fr\/wp-content\/uploads\/2015\/01\/flyer2016p01-page001vignette-e1457421925610-106x150.jpg 106w\" sizes=\"(max-width: 185px) 100vw, 185px\" \/><\/a><\/td>\n<\/tr>\n<tr>\n<td>\n<h2>Semi marathon de\u00a0st Gilles\u00a0&#8211;\u00a0samedi\u00a005\u00a0mars\u00a02016<\/h2>\n<p><strong>21,1km<\/strong><br \/>\n69\u00a0BEIGNON Stephane 1:25.53<br \/>\n498 LEMER Philippe 1:45.29<\/td>\n<td width=\"200\">\u00a0<a href=\"http:\/\/www.courir-a-corps-nuds.fr\/?attachment_id=4463\" rel=\"attachment wp-att-4463\"><img loading=\"lazy\" class=\" size-full wp-image-4463 alignleft\" src=\"http:\/\/www.courir-a-corps-nuds.fr\/wp-content\/uploads\/2015\/01\/spip-e1457421383572.png\" alt=\"st gilles\" width=\"185\" height=\"264\" srcset=\"http:\/\/www.courir-a-corps-nuds.fr\/wp-content\/uploads\/2015\/01\/spip-e1457421383572.png 185w, http:\/\/www.courir-a-corps-nuds.fr\/wp-content\/uploads\/2015\/01\/spip-e1457421383572-105x150.png 105w\" sizes=\"(max-width: 185px) 100vw, 185px\" \/><\/a><\/td>\n<\/tr>\n<tr>\n<td>\n<h2>Ultra trail des c\u00f4tes d&#8217;armor &#8211; dimanche 21 f\u00e9vrier 2016<\/h2>\n<p><strong>50km<\/strong><br \/>\n269 COLLET Josyane 7:19.19<\/td>\n<td width=\"200\"><a href=\"http:\/\/www.courir-a-corps-nuds.fr\/?attachment_id=4456\" rel=\"attachment wp-att-4456\"><img loading=\"lazy\" class=\" wp-image-4456 alignleft\" src=\"http:\/\/www.courir-a-corps-nuds.fr\/wp-content\/uploads\/2015\/01\/armor-724x1024.jpg\" alt=\"armor\" width=\"185\" height=\"262\" \/><\/a><\/td>\n<\/tr>\n<tr>\n<td>\n<h2>Foul\u00e9es de Saint Armel &#8211; dimanche 21 f\u00e9vrier 2016<\/h2>\n<p><strong>10km<\/strong><br \/>\n94 FOUILLET Etienne 40:26<br \/>\n101 CHESNEAU Guy 40:53<\/td>\n<td width=\"200\">\u00a0<a href=\"http:\/\/www.courir-a-corps-nuds.fr\/?attachment_id=4455\" rel=\"attachment wp-att-4455\"><img loading=\"lazy\" class=\"aligncenter size-full wp-image-4455\" src=\"http:\/\/www.courir-a-corps-nuds.fr\/wp-content\/uploads\/2015\/01\/LOGO-e1456213548964.jpg\" alt=\"LOGO\" width=\"185\" height=\"135\" srcset=\"http:\/\/www.courir-a-corps-nuds.fr\/wp-content\/uploads\/2015\/01\/LOGO-e1456213548964.jpg 185w, http:\/\/www.courir-a-corps-nuds.fr\/wp-content\/uploads\/2015\/01\/LOGO-e1456213548964-150x109.jpg 150w\" sizes=\"(max-width: 185px) 100vw, 185px\" \/><\/a><\/td>\n<\/tr>\n<tr>\n<td>\n<h2>Trail du clocher Tors &#8211; dimanche 24 janvier 2016<\/h2>\n<p><strong>25km<\/strong><br \/>\n81 PAULIN Pascal 02:17.07<br \/>\n91 CHESNEAU Guy 02:20.01<br \/>\n<strong>15KM<\/strong><br \/>\n192 EVANO Benoit 01:46.02<\/td>\n<td width=\"200\"><a href=\"http:\/\/www.courir-a-corps-nuds.fr\/?attachment_id=4425\" rel=\"attachment wp-att-4425\"><img loading=\"lazy\" class=\" wp-image-4425 alignleft\" src=\"http:\/\/www.courir-a-corps-nuds.fr\/wp-content\/uploads\/2015\/01\/trail-du-clocher-tors-724x1024.png\" alt=\"trail du clocher tors\" width=\"185\" height=\"261\" \/><\/a><\/td>\n<\/tr>\n<tr>\n<td>\n<h2>La Gr\u00e9gorienne &#8211; dimanche 17 janvier 2016<\/h2>\n<p><strong>10km<\/strong><br \/>\n181 SIMON S\u00e9bastien 39:09<br \/>\n192 QUEMERAIS Anthony 39:21<br \/>\n229 BEIGNON Stephane 39:52<br \/>\n299 CHESNEAU Guy 40:47<br \/>\n670 WILMET Eddy 45:17<br \/>\n1390 FLOCH Erwan 54:48<br \/>\n<strong>7,1KM<\/strong><br \/>\n872 LEVEQUE Sandrine 43:13<\/td>\n<td width=\"200\"><img loading=\"lazy\" class=\"aligncenter wp-image-3697\" src=\"http:\/\/www.courir-a-corps-nuds.fr\/wp-content\/uploads\/2015\/01\/img.100-e1422354816937.jpg\" alt=\"img.100\" width=\"185\" height=\"188\" \/><\/td>\n<\/tr>\n<tr>\n<td>\n<h2>Course nature de la vall\u00e9e de la seiche &#8211; dimanche 13 d\u00e9cembre 2015<\/h2>\n<p><strong>15.2km<\/strong><br \/>\n57 FOUILLET Etienne 1:08.36<br \/>\n74 CHESNEAU Guy 1:09.43<br \/>\n103 LEMER Philllipe 1:12.13<br \/>\n119 PAULIN Pascal 1:13.13<br \/>\n322 TROTTER Yannick 1:27.16<br \/>\n330 MOREL Gabrielle 1:27.51<br \/>\n405 TRACOU Bruno 1:41.16<br \/>\n406 TRACOU Jo\u00eblle 1.41:34<br \/>\n<strong>Marche nordique<\/strong><br \/>\n27 TROTTER Isabelle 1:27.27<\/td>\n<td width=\"200\">\u00a0<a href=\"http:\/\/www.courir-a-corps-nuds.fr\/?attachment_id=4346\" rel=\"attachment wp-att-4346\"><img loading=\"lazy\" class=\"aligncenter size-full wp-image-4346\" src=\"http:\/\/www.courir-a-corps-nuds.fr\/wp-content\/uploads\/2015\/01\/ob_6ed48b_affiche-vern-course-nature-e1450104346774.jpg\" alt=\"ob_6ed48b_affiche-vern-course-nature\" width=\"185\" height=\"120\" srcset=\"http:\/\/www.courir-a-corps-nuds.fr\/wp-content\/uploads\/2015\/01\/ob_6ed48b_affiche-vern-course-nature-e1450104346774.jpg 185w, http:\/\/www.courir-a-corps-nuds.fr\/wp-content\/uploads\/2015\/01\/ob_6ed48b_affiche-vern-course-nature-e1450104346774-150x97.jpg 150w\" sizes=\"(max-width: 185px) 100vw, 185px\" \/><\/a><\/td>\n<\/tr>\n<tr>\n<td>\n<h2>La Rotte des Gobions vert &#8211; dimanche 06 d\u00e9cembre 2015<\/h2>\n<p><strong>14km<\/strong><br \/>\n331 TRACOU Joelle 1:26.19<\/td>\n<td width=\"200\"><a href=\"http:\/\/www.courir-a-corps-nuds.fr\/?attachment_id=4327\" rel=\"attachment wp-att-4327\"><img loading=\"lazy\" class=\"aligncenter size-full wp-image-4327\" src=\"http:\/\/www.courir-a-corps-nuds.fr\/wp-content\/uploads\/2015\/01\/gobions-e1449510891981.jpg\" alt=\"gobions\" width=\"185\" height=\"197\" srcset=\"http:\/\/www.courir-a-corps-nuds.fr\/wp-content\/uploads\/2015\/01\/gobions-e1449510891981.jpg 185w, http:\/\/www.courir-a-corps-nuds.fr\/wp-content\/uploads\/2015\/01\/gobions-e1449510891981-141x150.jpg 141w\" sizes=\"(max-width: 185px) 100vw, 185px\" \/><\/a><\/td>\n<\/tr>\n<tr>\n<td>\n<h2>Trail du porteur d&#8217;eau &#8211; dimanche 06 d\u00e9cembre 2015<\/h2>\n<p><strong>27km<\/strong><br \/>\n90 MEAUDRE Jean ren\u00e9 2:28.21<br \/>\n100 COLLIAS Arnaud 2:32.36<br \/>\n<strong>18km<\/strong><br \/>\n128 LEMER Phillipe 1:36.55<br \/>\n129 LE BARSE St\u00e9phane 1:36.55<br \/>\n<strong>10km DUO MIXTE<\/strong><br \/>\n37 DELAHAYE Regis AUTRET Murielle 1:01.15<br \/>\n43 CHESNEAU Chrystelle, Guy 1:02.54<\/td>\n<td width=\"200\">\u00a0 <a href=\"http:\/\/www.courir-a-corps-nuds.fr\/?attachment_id=4325\" rel=\"attachment wp-att-4325\"><img loading=\"lazy\" class=\" size-full wp-image-4325 alignleft\" src=\"http:\/\/www.courir-a-corps-nuds.fr\/wp-content\/uploads\/2015\/01\/Affiche-porteur-deau-e1449510940991.jpg\" alt=\"Affiche-porteur d'eau\" width=\"185\" height=\"262\" srcset=\"http:\/\/www.courir-a-corps-nuds.fr\/wp-content\/uploads\/2015\/01\/Affiche-porteur-deau-e1449510940991.jpg 185w, http:\/\/www.courir-a-corps-nuds.fr\/wp-content\/uploads\/2015\/01\/Affiche-porteur-deau-e1449510940991-106x150.jpg 106w\" sizes=\"(max-width: 185px) 100vw, 185px\" \/><\/a><\/td>\n<\/tr>\n<tr>\n<td>\n<h2>Courir \u00e0 chantepie &#8211; dimanche 29 novembre 2015<\/h2>\n<p><strong>10km<\/strong><br \/>\n109 BEIGNON St\u00e9phane 38:54<br \/>\n141 SIMON S\u00e9bastien 39:39<br \/>\n1523 MOREAU Phillipe 56:44<br \/>\n1670 TRACOU Jo\u00eblle 58:11<br \/>\n1733 TRACOU Bruno 59:14<\/p>\n<p>&nbsp;<\/p>\n<p>&nbsp;<\/td>\n<td width=\"200\"><a href=\"http:\/\/www.courir-a-corps-nuds.fr\/?attachment_id=4316\" rel=\"attachment wp-att-4316\"><img loading=\"lazy\" class=\"aligncenter size-full wp-image-4316\" src=\"http:\/\/www.courir-a-corps-nuds.fr\/wp-content\/uploads\/2015\/01\/chanepie-e1448871896485.jpg\" alt=\"chantepie\" width=\"185\" height=\"245\" srcset=\"http:\/\/www.courir-a-corps-nuds.fr\/wp-content\/uploads\/2015\/01\/chanepie-e1448871896485.jpg 185w, http:\/\/www.courir-a-corps-nuds.fr\/wp-content\/uploads\/2015\/01\/chanepie-e1448871896485-113x150.jpg 113w\" sizes=\"(max-width: 185px) 100vw, 185px\" \/><\/a><\/td>\n<\/tr>\n<tr>\n<td>\n<h2>Course nature de la M\u00e9e &#8211; mercredi 11 novembre 2015<\/h2>\n<p><strong>13.7km<\/strong><br \/>\n92 MEAUDRE Jean ren\u00e9 1:10.33<\/p>\n<p>&nbsp;<\/td>\n<td width=\"200\"><a href=\"http:\/\/www.courir-a-corps-nuds.fr\/?attachment_id=4294\" rel=\"attachment wp-att-4294\"><img loading=\"lazy\" class=\"aligncenter size-full wp-image-4294\" src=\"http:\/\/www.courir-a-corps-nuds.fr\/wp-content\/uploads\/2015\/01\/fe_trail-de-la-mee-2015-erce-en-lamee-e1447356895424.jpg\" alt=\"le_trail-de-la-mee-2015-erce-en-lamee\" width=\"185\" height=\"262\" srcset=\"http:\/\/www.courir-a-corps-nuds.fr\/wp-content\/uploads\/2015\/01\/fe_trail-de-la-mee-2015-erce-en-lamee-e1447356895424.jpg 185w, http:\/\/www.courir-a-corps-nuds.fr\/wp-content\/uploads\/2015\/01\/fe_trail-de-la-mee-2015-erce-en-lamee-e1447356895424-106x150.jpg 106w\" sizes=\"(max-width: 185px) 100vw, 185px\" \/><\/a><\/td>\n<\/tr>\n<tr>\n<td>\n<h2>Marathon vert 2015 &#8211; dimanche 25 octobre 2015<\/h2>\n<p><strong>42.2km<\/strong><br \/>\n374 BEIGNON Stephane 2:59.59 Record perso battu !!!!<br \/>\n658 SIMON S\u00e9bastien 3:12.37<br \/>\n784 QUEMERAIS Anthony 3:16.54<br \/>\n1194 FOUILLET Etienne 3:32.28<br \/>\n1989 RENAUD Jean yves 4:08.17<\/p>\n<p>&nbsp;<\/td>\n<td width=\"200\"><a href=\"http:\/\/www.courir-a-corps-nuds.fr\/?attachment_id=4248\" rel=\"attachment wp-att-4248\"><img loading=\"lazy\" class=\" size-full wp-image-4248 aligncenter\" src=\"http:\/\/www.courir-a-corps-nuds.fr\/wp-content\/uploads\/2015\/01\/marathon-vert.jpg\" alt=\"marathon vert\" width=\"160\" height=\"159\" srcset=\"http:\/\/www.courir-a-corps-nuds.fr\/wp-content\/uploads\/2015\/01\/marathon-vert.jpg 160w, http:\/\/www.courir-a-corps-nuds.fr\/wp-content\/uploads\/2015\/01\/marathon-vert-150x150.jpg 150w\" sizes=\"(max-width: 160px) 100vw, 160px\" \/><\/a><\/td>\n<\/tr>\n<tr>\n<td>\n<h2>Marseille cassis &#8211; dimanche 25 octobre 2015<\/h2>\n<p><strong>20km<\/strong><br \/>\n11351 COLLET Josyane 02:07.28<\/td>\n<td width=\"200\"><a href=\"http:\/\/www.courir-a-corps-nuds.fr\/?attachment_id=4254\" rel=\"attachment wp-att-4254\"><img loading=\"lazy\" class=\"aligncenter size-full wp-image-4254\" src=\"http:\/\/www.courir-a-corps-nuds.fr\/wp-content\/uploads\/2015\/01\/marseille-cassis-e1446812608298.jpg\" alt=\"marseille cassis\" width=\"185\" height=\"104\" srcset=\"http:\/\/www.courir-a-corps-nuds.fr\/wp-content\/uploads\/2015\/01\/marseille-cassis-e1446812608298.jpg 185w, http:\/\/www.courir-a-corps-nuds.fr\/wp-content\/uploads\/2015\/01\/marseille-cassis-e1446812608298-150x84.jpg 150w\" sizes=\"(max-width: 185px) 100vw, 185px\" \/><\/a><\/td>\n<\/tr>\n<tr>\n<td>\n<h2>Trail bourbon 2015 &#8211; samedi 24 octobre 2015<\/h2>\n<p><strong>93km<\/strong><br \/>\n590 CHESNEAU Guy 29:56.19 F\u00e9licitations!!!!!!<\/td>\n<td width=\"200\"><a href=\"http:\/\/www.courir-a-corps-nuds.fr\/?attachment_id=4247\" rel=\"attachment wp-att-4247\"><img loading=\"lazy\" class=\"aligncenter size-full wp-image-4247\" src=\"http:\/\/www.courir-a-corps-nuds.fr\/wp-content\/uploads\/2015\/01\/bourbon-e1446810448585.jpg\" alt=\"bourbon\" width=\"185\" height=\"262\" srcset=\"http:\/\/www.courir-a-corps-nuds.fr\/wp-content\/uploads\/2015\/01\/bourbon-e1446810448585.jpg 185w, http:\/\/www.courir-a-corps-nuds.fr\/wp-content\/uploads\/2015\/01\/bourbon-e1446810448585-106x150.jpg 106w\" sizes=\"(max-width: 185px) 100vw, 185px\" \/><\/a><\/td>\n<\/tr>\n<tr>\n<td>\n<h2>Ch\u00e2teau de boeuvres 2015 &#8211; samedi 24 octobre 2015<\/h2>\n<p><strong>12km<\/strong><br \/>\n214 DAVID Nelly 1:10.58<br \/>\n215 LEMER Philippe 1:10.59<br \/>\n<strong>25km<\/strong><br \/>\n72 PAULIN Pascal 2:24.17<\/td>\n<td width=\"200\">\u00a0<a href=\"http:\/\/www.courir-a-corps-nuds.fr\/?attachment_id=4246\" rel=\"attachment wp-att-4246\"><img loading=\"lazy\" class=\"aligncenter size-full wp-image-4246\" src=\"http:\/\/www.courir-a-corps-nuds.fr\/wp-content\/uploads\/2015\/01\/ob_a2302a_trail-du-chateau-de-boeuvres-2015-e1446810322470.png\" alt=\"ob_a2302a_trail-du-chateau-de-boeuvres-2015\" width=\"185\" height=\"185\" srcset=\"http:\/\/www.courir-a-corps-nuds.fr\/wp-content\/uploads\/2015\/01\/ob_a2302a_trail-du-chateau-de-boeuvres-2015-e1446810322470.png 185w, http:\/\/www.courir-a-corps-nuds.fr\/wp-content\/uploads\/2015\/01\/ob_a2302a_trail-du-chateau-de-boeuvres-2015-e1446810322470-150x150.png 150w\" sizes=\"(max-width: 185px) 100vw, 185px\" \/><\/a><\/td>\n<\/tr>\n<tr>\n<td>\n<h2>Tout rennes court-\u00a0dimanche\u00a011 octobre 2015<\/h2>\n<p><strong>6km<\/strong><br \/>\n351 LEVEQUE Sandrine 34:36<br \/>\n<strong>10km<\/strong><br \/>\n4144 AUTRET Murielle 55:17<br \/>\n4343 TROTTER\u00a0Isabelle\u00a0\u00a056:42<br \/>\n4411 JADAUD Aur\u00e9lie 57:01<br \/>\n4414\u00a0CHESNEAU Chrystelle 57:01<br \/>\n4419 TROTTER Yannick 57:06<br \/>\n5010 WILMET Eddy 1:02.56<br \/>\n5241 MARTIN Franck 1:03.50<br \/>\n5242 CHESNEAU Guy 1: 03.52<br \/>\n5324 TRACOU Jo\u00eblle 1:04.55<br \/>\nDOURSENAUD Virginie:\u00a01:04.55<br \/>\n<strong>21.1<\/strong><strong>km<\/strong><br \/>\n212 SIMON S\u00e9bastien 1:27.21<br \/>\n246\u00a0BEIGNON St\u00e9phane 1:28.11<br \/>\n1569 COLIAS Arnaud 1:46.40<\/p>\n<p>&nbsp;<\/td>\n<td width=\"200\"><a href=\"http:\/\/www.courir-a-corps-nuds.fr\/?attachment_id=4245\" rel=\"attachment wp-att-4245\"><img loading=\"lazy\" class=\" size-full wp-image-4245 aligncenter\" src=\"http:\/\/www.courir-a-corps-nuds.fr\/wp-content\/uploads\/2015\/01\/logo_ToutRennesCourt.png\" alt=\"logo_ToutRennesCourt\" width=\"146\" height=\"166\" srcset=\"http:\/\/www.courir-a-corps-nuds.fr\/wp-content\/uploads\/2015\/01\/logo_ToutRennesCourt.png 146w, http:\/\/www.courir-a-corps-nuds.fr\/wp-content\/uploads\/2015\/01\/logo_ToutRennesCourt-132x150.png 132w\" sizes=\"(max-width: 146px) 100vw, 146px\" \/><\/a><\/td>\n<\/tr>\n<tr>\n<td>\n<h2>Course nocturne le petit fougeray &#8211; Samedi 03 octobre 2015<\/h2>\n<p><strong>12km<\/strong><br \/>\n07 SIMON S\u00e9bastien 50:30<br \/>\n33 CHESNEAU Guy 58:03<br \/>\n67 LEBARSE\u00a0 Stephane 1:04.44<br \/>\n68 LEMER Phillipe 1:04.45<br \/>\n80 MEAUDRE Jean ren\u00e9 1:06.45<br \/>\n126 CHESNEAU Chrystelle 1:16.22<br \/>\n132 AUTRET Murielle 1:19.10<br \/>\n136 COLLET Josyane 1:22.02<br \/>\n141 BERTHELOT Eric 1:25.10<br \/>\n142 DAVID Nelly 1:25.10<br \/>\n143 DOURSENAUD Virginie 1:25.10<\/p>\n<p>&nbsp;<\/td>\n<td width=\"200\"><a href=\"http:\/\/www.courir-a-corps-nuds.fr\/?attachment_id=4244\" rel=\"attachment wp-att-4244\"><img loading=\"lazy\" class=\"aligncenter wp-image-4244\" src=\"http:\/\/www.courir-a-corps-nuds.fr\/wp-content\/uploads\/2015\/01\/Course-nocturne_affiche-2015-724x1024.jpg\" alt=\"Course-nocturne_affiche-2015\" width=\"185\" height=\"262\" \/><\/a><\/td>\n<\/tr>\n<tr>\n<td>\n<h2>Vall\u00e9e du Semnon &#8211; Dimanche 27 septembre 2015<\/h2>\n<p><strong>Marche Nordique<\/strong><br \/>\n20 TROTTER Yannick 2:26:23<br \/>\n36 TROTTER Isabelle 2:39:07<\/td>\n<td width=\"200\"><a href=\"http:\/\/www.courir-a-corps-nuds.fr\/?attachment_id=4243\" rel=\"attachment wp-att-4243\"><img loading=\"lazy\" class=\"aligncenter wp-image-4243\" src=\"http:\/\/www.courir-a-corps-nuds.fr\/wp-content\/uploads\/2015\/01\/semnon-1024x725.jpg\" alt=\"Imprimer\" width=\"185\" height=\"131\" \/><\/a><\/td>\n<\/tr>\n<tr>\n<td>\n<h2>La belle d&#8217;org\u00e8res-\u00a0samedi 26\u00a0septembre 2015<\/h2>\n<p><strong>24km<\/strong><br \/>\n34 PAULIN Pascal 02:06:54<\/td>\n<td width=\"200\">\u00a0<a href=\"http:\/\/www.courir-a-corps-nuds.fr\/?attachment_id=4242\" rel=\"attachment wp-att-4242\"><img loading=\"lazy\" class=\"aligncenter size-full wp-image-4242\" src=\"http:\/\/www.courir-a-corps-nuds.fr\/wp-content\/uploads\/2015\/01\/orgeres.png\" alt=\"orgeres\" width=\"120\" height=\"120\" \/><\/a><\/td>\n<\/tr>\n<tr>\n<td>\n<h2>Foul\u00e9es chartraines &#8211; Dimanche 20 septembre 2015<\/h2>\n<p><strong>10km<\/strong><br \/>\n67 QUEMERAIS Anthony 38:47.62<br \/>\n406 TROTTER Yannick 53:47.48<br \/>\n407 TROTTER Isabelle 53:47.53<\/td>\n<td width=\"200\">\u00a0<a href=\"http:\/\/www.courir-a-corps-nuds.fr\/?attachment_id=4241\" rel=\"attachment wp-att-4241\"><img loading=\"lazy\" class=\"aligncenter wp-image-4241\" src=\"http:\/\/www.courir-a-corps-nuds.fr\/wp-content\/uploads\/2015\/01\/2015_09-ATHLE_Affiche-Foul\u00e9es-Chartraines-733x1024.jpg\" alt=\"2015_09 ATHLE_Affiche Foul\u00e9es Chartraines\" width=\"185\" height=\"259\" \/><\/a><\/td>\n<\/tr>\n<tr>\n<td>\n<h2>Marathon de la vie &#8211; Dimanche 20 septembre 2015<\/h2>\n<p>AUTRET Murielle<br \/>\nDAVID Nelly<br \/>\nLEBARSE St\u00e9phane<br \/>\nPAULIN Pascal<br \/>\nTRACOU Bruno<br \/>\nTRACOU Bastien<br \/>\nTRACOU Joelle<\/td>\n<td width=\"200\">\u00a0<a href=\"http:\/\/www.courir-a-corps-nuds.fr\/?attachment_id=4240\" rel=\"attachment wp-att-4240\"><img loading=\"lazy\" class=\"aligncenter size-full wp-image-4240\" src=\"http:\/\/www.courir-a-corps-nuds.fr\/wp-content\/uploads\/2015\/01\/marathon-de-la-vie-e1446808980632.jpg\" alt=\"marathon-de-la-vie\" width=\"185\" height=\"86\" srcset=\"http:\/\/www.courir-a-corps-nuds.fr\/wp-content\/uploads\/2015\/01\/marathon-de-la-vie-e1446808980632.jpg 185w, http:\/\/www.courir-a-corps-nuds.fr\/wp-content\/uploads\/2015\/01\/marathon-de-la-vie-e1446808980632-150x70.jpg 150w\" sizes=\"(max-width: 185px) 100vw, 185px\" \/><\/a><\/td>\n<\/tr>\n<tr>\n<td>\n<h2>D\u00e9fi du jerzual- samedi 19 septembre 2015<\/h2>\n<p><strong>11km<\/strong><br \/>\n997 LEVREL Phillipe 59:23<\/td>\n<td width=\"200\"><a href=\"http:\/\/www.courir-a-corps-nuds.fr\/?attachment_id=4239\" rel=\"attachment wp-att-4239\"><img loading=\"lazy\" class=\"aligncenter size-full wp-image-4239\" src=\"http:\/\/www.courir-a-corps-nuds.fr\/wp-content\/uploads\/2015\/01\/jerzual-e1446808838753.png\" alt=\"jerzual\" width=\"185\" height=\"226\" srcset=\"http:\/\/www.courir-a-corps-nuds.fr\/wp-content\/uploads\/2015\/01\/jerzual-e1446808838753.png 185w, http:\/\/www.courir-a-corps-nuds.fr\/wp-content\/uploads\/2015\/01\/jerzual-e1446808838753-123x150.png 123w\" sizes=\"(max-width: 185px) 100vw, 185px\" \/><\/a><\/td>\n<\/tr>\n<tr>\n<td>\n<h2>Trail de Broc\u00e9liande Iffendic &#8211; Dimanche 13 septembre 2015<\/h2>\n<p><strong>42,8km<\/strong><br \/>\n206 CHESNEAU Guy 04:48:48<\/td>\n<td width=\"200\">\u00a0<a href=\"http:\/\/www.courir-a-corps-nuds.fr\/?attachment_id=4044\" rel=\"attachment wp-att-4044\"><img loading=\"lazy\" class=\"aligncenter size-full wp-image-4044\" src=\"http:\/\/www.courir-a-corps-nuds.fr\/wp-content\/uploads\/2015\/01\/screenshot.1167-e1443004776777.jpeg\" alt=\"screenshot.1167\" width=\"185\" height=\"189\" \/><\/a><\/td>\n<\/tr>\n<tr>\n<td>\n<h2>Course nature l\u00e9opards guerchais &#8211; Dimanche 06 septembre 2015<\/h2>\n<p><strong>14km<\/strong><\/p>\n<p>123 LEBARSE Stephane 1:18.57<\/td>\n<td width=\"200\"><a href=\"http:\/\/www.courir-a-corps-nuds.fr\/?attachment_id=4251\" rel=\"attachment wp-att-4251\"><img loading=\"lazy\" class=\"aligncenter size-full wp-image-4251\" src=\"http:\/\/www.courir-a-corps-nuds.fr\/wp-content\/uploads\/2015\/01\/LEOPARDaffNaturer-2-e1446811655599.jpg\" alt=\"LEOPARDaffNaturer-2\" width=\"185\" height=\"258\" srcset=\"http:\/\/www.courir-a-corps-nuds.fr\/wp-content\/uploads\/2015\/01\/LEOPARDaffNaturer-2-e1446811655599.jpg 185w, http:\/\/www.courir-a-corps-nuds.fr\/wp-content\/uploads\/2015\/01\/LEOPARDaffNaturer-2-e1446811655599-108x150.jpg 108w\" sizes=\"(max-width: 185px) 100vw, 185px\" \/><\/a><\/td>\n<\/tr>\n<tr>\n<td>\n<h2>Trail du Tertre gris de Panc\u00e9 &#8211; Dimanche 19 Juillet 2015<\/h2>\n<p><strong>24km<\/strong><br \/>\n22 BEIGNON St\u00e9phane 02:09:50<br \/>\n63 QUEMERAIS Anthony 02:21:36<br \/>\n70 PAULIN Pascal 02:22:43<br \/>\n97 CHESNEAU Guy 02:28:54<\/td>\n<td width=\"200\"><a href=\"http:\/\/www.courir-a-corps-nuds.fr\/?attachment_id=3986\" rel=\"attachment wp-att-3986\"><img loading=\"lazy\" class=\"aligncenter wp-image-3986 size-full\" src=\"http:\/\/www.courir-a-corps-nuds.fr\/wp-content\/uploads\/2015\/01\/TG-e1443004804203.jpg\" alt=\"\" width=\"185\" height=\"243\" \/><\/a><\/td>\n<\/tr>\n<tr>\n<td>\n<h2>Trail du bout du monde\u00a0\u00a0&#8211; Dimanche 05 juillet\u00a02015<\/h2>\n<p><strong>57km<\/strong><br \/>\n105 PAULIN\u00a0pascal 05:55:27<\/td>\n<td width=\"200\">\u00a0<a href=\"http:\/\/www.courir-a-corps-nuds.fr\/?attachment_id=4238\" rel=\"attachment wp-att-4238\"><img loading=\"lazy\" class=\"aligncenter size-full wp-image-4238\" src=\"http:\/\/www.courir-a-corps-nuds.fr\/wp-content\/uploads\/2015\/01\/trail-bout-du-monde-e1446808686769.jpg\" alt=\"trail bout du monde\" width=\"185\" height=\"269\" srcset=\"http:\/\/www.courir-a-corps-nuds.fr\/wp-content\/uploads\/2015\/01\/trail-bout-du-monde-e1446808686769.jpg 185w, http:\/\/www.courir-a-corps-nuds.fr\/wp-content\/uploads\/2015\/01\/trail-bout-du-monde-e1446808686769-103x150.jpg 103w\" sizes=\"(max-width: 185px) 100vw, 185px\" \/><\/a><\/td>\n<\/tr>\n<tr>\n<td>\n<h2>Trail du verger\u00a0&#8211;\u00a0samedi\u00a020 juin\u00a02015<\/h2>\n<p><strong>25km<\/strong><br \/>\n20\u00a0PAULIN pascal 2:16:26<\/td>\n<td width=\"200\"><a href=\"http:\/\/www.courir-a-corps-nuds.fr\/?attachment_id=4237\" rel=\"attachment wp-att-4237\"><img loading=\"lazy\" class=\" size-full wp-image-4237 aligncenter\" src=\"http:\/\/www.courir-a-corps-nuds.fr\/wp-content\/uploads\/2015\/01\/20150620-Trail-du-verger-e1446808506941.jpg\" alt=\"20150620-Trail-du-verger\" width=\"185\" height=\"267\" srcset=\"http:\/\/www.courir-a-corps-nuds.fr\/wp-content\/uploads\/2015\/01\/20150620-Trail-du-verger-e1446808506941.jpg 185w, http:\/\/www.courir-a-corps-nuds.fr\/wp-content\/uploads\/2015\/01\/20150620-Trail-du-verger-e1446808506941-104x150.jpg 104w\" sizes=\"(max-width: 185px) 100vw, 185px\" \/><\/a><a href=\"http:\/\/www.courir-a-corps-nuds.fr\/?attachment_id=4065\" rel=\"attachment wp-att-4065\"><br \/>\n<\/a><\/td>\n<\/tr>\n<tr>\n<td>\n<h2>Ultra Trail du Puy Mary UTPMA &#8211; Samedi 20 Juin 2015<\/h2>\n<p><strong>105km !!!<\/strong><br \/>\n240 SIMON S\u00e9bastien 22:42:06<br \/>\n241 BEIGNON St\u00e9phane 22:42:11<br \/>\nCHESNEAU Guy<em> abandon au 70i\u00e8me km<\/em><\/td>\n<td width=\"200\"><a href=\"http:\/\/www.courir-a-corps-nuds.fr\/?attachment_id=4007\" rel=\"attachment wp-att-4007\"><img loading=\"lazy\" class=\"aligncenter wp-image-4007 size-full\" src=\"http:\/\/www.courir-a-corps-nuds.fr\/wp-content\/uploads\/2015\/01\/UTPMA-e1443004840138.jpg\" alt=\"\" width=\"185\" height=\"91\" \/><\/a><\/td>\n<\/tr>\n<tr>\n<td>\n<h2>Trail de Guerl\u00e9dan &#8211; Samedi et dimanche 23-24 mai 2015<\/h2>\n<p><strong>13km<\/strong><br \/>\n35 BEIGNON St\u00e9phane 01:15:08.59<br \/>\n<strong>26km<\/strong><br \/>\n448 LEMER Philippe 03:26:12<br \/>\n<strong>59km<\/strong><br \/>\n227 BEIGNON St\u00e9phane 07:21:34<br \/>\n228 SIMON S\u00e9bastien 07:21:36<br \/>\n556 CHESNEAU Guy 08:17:41<br \/>\n557 PAULIN Pascal 08:17:43<br \/>\n833 FARO J\u00e9r\u00e9my 09:12:53<\/td>\n<td width=\"200\"><img loading=\"lazy\" class=\"aligncenter size-full wp-image-3936\" src=\"http:\/\/www.courir-a-corps-nuds.fr\/wp-content\/uploads\/2015\/01\/Guerledan.jpg\" alt=\"Guerledan\" width=\"183\" height=\"90\" srcset=\"http:\/\/www.courir-a-corps-nuds.fr\/wp-content\/uploads\/2015\/01\/Guerledan.jpg 183w, http:\/\/www.courir-a-corps-nuds.fr\/wp-content\/uploads\/2015\/01\/Guerledan-150x74.jpg 150w\" sizes=\"(max-width: 183px) 100vw, 183px\" \/><\/td>\n<\/tr>\n<tr>\n<td>\n<h2>Ascension du Mont Rude &#8211; jeudi 14 mai 2015<\/h2>\n<p><strong>Relais x 7,5 km<\/strong><br \/>\n44 Chesneau Herv\u00e9 (42:56) + Chesneau Chrystelle (44:00) 1:26:56<br \/>\n<strong>Individuel 15 km<\/strong><br \/>\n98 Chesneau Guy 1:09:35<\/td>\n<td width=\"200\"><img loading=\"lazy\" class=\"aligncenter size-full wp-image-3933\" src=\"http:\/\/www.courir-a-corps-nuds.fr\/wp-content\/uploads\/2015\/01\/MontRude.jpg\" alt=\"MontRude\" width=\"170\" height=\"196\" \/><\/td>\n<\/tr>\n<tr>\n<td>\n<h2>Trail de la Vall\u00e9e du Couesnon &#8211; 32 km &#8211; samedi 9 mai 2015<\/h2>\n<p>59 PAULIN Pascal 3:28:12<\/td>\n<td width=\"200\"><img loading=\"lazy\" class=\"aligncenter size-full wp-image-3916\" src=\"http:\/\/www.courir-a-corps-nuds.fr\/wp-content\/uploads\/2015\/01\/screenshot.4101-e1431206925767.jpeg\" alt=\"screenshot.410\" width=\"185\" height=\"196\" \/><\/td>\n<\/tr>\n<tr>\n<td>\n<h2>Les Espoirs du Petit Fougeray &#8211; 12 km &#8211; dimanche 3 mai 2015<\/h2>\n<p>19 SIMON SEBASTIEN 00:51:58:57<br \/>\n24 BEIGNON STEPHANE 00:54:14:72<br \/>\n38 QUEMERAIS ANTHONY 00:57:40:43<\/td>\n<td width=\"200\"><img loading=\"lazy\" class=\"aligncenter size-full wp-image-3921\" src=\"http:\/\/www.courir-a-corps-nuds.fr\/wp-content\/uploads\/2015\/01\/screenshot.416-e1431252548444.jpeg\" alt=\"screenshot.416\" width=\"184\" height=\"173\" \/><\/td>\n<\/tr>\n<tr>\n<td>\n<h2>Tiken Trail &#8211; sam 18 Avril 2015<\/h2>\n<p><strong>7km<\/strong><br \/>\n124 DOURSENAUD VIRGINIE 00:51:36<br \/>\n<strong>13km<\/strong><br \/>\n258 TRACOU BASTIEN 01:29:03<br \/>\n291 CHESNEAU CHRYSTELLE 01:34:13<br \/>\n293 LE QUILLIEC ODILE 01:34:36<br \/>\n294 MOREL GABRIELLE 01:34:37<br \/>\n331 AUTRET MURIELLE 01:45:04<br \/>\n<strong>25km<\/strong><br \/>\n64 PAULIN PASCAL 02:22:47<br \/>\n77 CHESNEAU GUY 02:25:13<br \/>\n147 MEAUDRE JEAN-RENE 02:41:21<br \/>\n167 BERTHELOT ERIC 02:44:55<br \/>\n171 LE BARSE STEPHANE 02:45:29<br \/>\n199 COLLIAS ARNAUD 02:54:45<br \/>\n221 DAVID NELLY 03:05:52<br \/>\n229\u00a0TRACOU Jo\u00eblle\u00a0 03:13:29<br \/>\n235 TROTTER YANNICK 03:19:44<br \/>\n236 TROTTER ISABELLE 03:19:52<\/td>\n<td width=\"200\">\u00a0<img loading=\"lazy\" class=\"aligncenter wp-image-3918 size-full\" src=\"http:\/\/www.courir-a-corps-nuds.fr\/wp-content\/uploads\/2015\/01\/screenshot.413-e1431207216131.jpeg\" alt=\"screenshot.413\" width=\"185\" height=\"257\" \/><\/td>\n<\/tr>\n<tr>\n<td>\n<h2>Marathon de Paris &#8211; 42,195km &#8211; dim 12 Avril 2015<\/h2>\n<p>12817 BERTHELOT Eric 3:50:42<br \/>\n19915 Equipe TROTTER Isa-Yannick 4:08:26<\/td>\n<td width=\"200\"><img loading=\"lazy\" class=\"aligncenter wp-image-3863\" src=\"http:\/\/www.courir-a-corps-nuds.fr\/wp-content\/uploads\/2015\/01\/Panam.jpg\" alt=\"Panam\" width=\"184\" height=\"124\" srcset=\"http:\/\/www.courir-a-corps-nuds.fr\/wp-content\/uploads\/2015\/01\/Panam.jpg 285w, http:\/\/www.courir-a-corps-nuds.fr\/wp-content\/uploads\/2015\/01\/Panam-150x101.jpg 150w\" sizes=\"(max-width: 184px) 100vw, 184px\" \/><\/td>\n<\/tr>\n<tr>\n<td>\n<h2>Semi-Marathon Liffr\u00e9 &#8211; 21,1km &#8211; dim 12 Avril 2015<\/h2>\n<p>114 BEIGNON St\u00e9phane 01:24:49\u00a0\u00a0 Record perso battu !!!!<\/td>\n<td width=\"200\"><img loading=\"lazy\" class=\"aligncenter wp-image-3861\" src=\"http:\/\/www.courir-a-corps-nuds.fr\/wp-content\/uploads\/2015\/01\/sl.jpg\" alt=\"sl\" width=\"185\" height=\"97\" srcset=\"http:\/\/www.courir-a-corps-nuds.fr\/wp-content\/uploads\/2015\/01\/sl.jpg 378w, http:\/\/www.courir-a-corps-nuds.fr\/wp-content\/uploads\/2015\/01\/sl-150x79.jpg 150w, http:\/\/www.courir-a-corps-nuds.fr\/wp-content\/uploads\/2015\/01\/sl-300x157.jpg 300w\" sizes=\"(max-width: 185px) 100vw, 185px\" \/><\/td>\n<\/tr>\n<tr>\n<td>\n<h2>Trail entre Dune et Bouchots &#8211; 36km &#8211; dim 5 Avril 2015<\/h2>\n<p>117 CHESNEAU Guy 04:06:07<\/td>\n<td width=\"200\"><img loading=\"lazy\" class=\"aligncenter wp-image-3858\" src=\"http:\/\/www.courir-a-corps-nuds.fr\/wp-content\/uploads\/2015\/01\/EDB.jpg\" alt=\"EDB\" width=\"185\" height=\"106\" srcset=\"http:\/\/www.courir-a-corps-nuds.fr\/wp-content\/uploads\/2015\/01\/EDB.jpg 609w, http:\/\/www.courir-a-corps-nuds.fr\/wp-content\/uploads\/2015\/01\/EDB-150x86.jpg 150w, http:\/\/www.courir-a-corps-nuds.fr\/wp-content\/uploads\/2015\/01\/EDB-300x171.jpg 300w\" sizes=\"(max-width: 185px) 100vw, 185px\" \/><\/td>\n<\/tr>\n<tr>\n<td>\n<h2>Trail des 3 Chapelles Bains sur Oust &#8211; 43km &#8211; sam. 21 mars 2015<\/h2>\n<p>17 SIMON S\u00e9bastien\u00a0\u00a0 03:52:02<\/td>\n<td width=\"200\"><img loading=\"lazy\" class=\"aligncenter wp-image-3856\" src=\"http:\/\/www.courir-a-corps-nuds.fr\/wp-content\/uploads\/2015\/01\/BSO.jpg\" alt=\"BSO\" width=\"187\" height=\"116\" srcset=\"http:\/\/www.courir-a-corps-nuds.fr\/wp-content\/uploads\/2015\/01\/BSO.jpg 432w, http:\/\/www.courir-a-corps-nuds.fr\/wp-content\/uploads\/2015\/01\/BSO-150x93.jpg 150w, http:\/\/www.courir-a-corps-nuds.fr\/wp-content\/uploads\/2015\/01\/BSO-300x186.jpg 300w\" sizes=\"(max-width: 187px) 100vw, 187px\" \/><\/td>\n<\/tr>\n<tr>\n<td>\n<h2>Trail de la pointe de Grouin &#8211; 23 km &#8211; Dimanche 1 mars 2015<\/h2>\n<p>563 Jo\u00eblle TRACOU 2:55:17<\/td>\n<td width=\"200\">\u00a0<img loading=\"lazy\" class=\"aligncenter wp-image-3747\" src=\"http:\/\/www.courir-a-corps-nuds.fr\/wp-content\/uploads\/2015\/01\/screenshot.10-300x222.jpeg\" alt=\"screenshot.10\" width=\"184\" height=\"136\" srcset=\"http:\/\/www.courir-a-corps-nuds.fr\/wp-content\/uploads\/2015\/01\/screenshot.10-300x222.jpeg 300w, http:\/\/www.courir-a-corps-nuds.fr\/wp-content\/uploads\/2015\/01\/screenshot.10-150x111.jpeg 150w, http:\/\/www.courir-a-corps-nuds.fr\/wp-content\/uploads\/2015\/01\/screenshot.10.jpeg 524w\" sizes=\"(max-width: 184px) 100vw, 184px\" \/><\/td>\n<\/tr>\n<tr>\n<td>\n<h2>Trail des corsaires &#8211; 64 km &#8211; Samedi 28 f\u00e9vrier 2015<\/h2>\n<p>51 \u00a0\u00a0 \u00a0BEIGNON Stephane\u00a0\u00a0 \u00a006:55:06<br \/>\n90 \u00a0\u00a0 \u00a0SIMON S\u00e9bastien\u00a0\u00a0 \u00a007:20:41<br \/>\n160 \u00a0 CHESNEAU GUY\u00a0\u00a0 \u00a007:55:59<br \/>\n161 \u00a0\u00a0 PAULIN PASCAL\u00a0\u00a0 \u00a007:55:59<\/td>\n<td width=\"200\">\u00a0<img loading=\"lazy\" class=\"aligncenter wp-image-3751\" src=\"http:\/\/www.courir-a-corps-nuds.fr\/wp-content\/uploads\/2015\/01\/screenshot.14-300x190.jpeg\" alt=\"screenshot.14\" width=\"185\" height=\"117\" srcset=\"http:\/\/www.courir-a-corps-nuds.fr\/wp-content\/uploads\/2015\/01\/screenshot.14-300x190.jpeg 300w, http:\/\/www.courir-a-corps-nuds.fr\/wp-content\/uploads\/2015\/01\/screenshot.14-150x95.jpeg 150w, http:\/\/www.courir-a-corps-nuds.fr\/wp-content\/uploads\/2015\/01\/screenshot.14.jpeg 744w\" sizes=\"(max-width: 185px) 100vw, 185px\" \/><\/td>\n<\/tr>\n<tr>\n<td>\n<h2>Foul\u00e9es Saint-Gilloises &#8211; semi &#8211; Samedi 28 f\u00e9vrier 2015<\/h2>\n<p>205 \u00a0\u00a0 \u00a0LEMER PHILIPPE 01:37:34<\/td>\n<td width=\"200\">\u00a0<img loading=\"lazy\" class=\"aligncenter wp-image-3750\" src=\"http:\/\/www.courir-a-corps-nuds.fr\/wp-content\/uploads\/2015\/01\/screenshot.13-300x266.jpeg\" alt=\"screenshot.13\" width=\"185\" height=\"164\" srcset=\"http:\/\/www.courir-a-corps-nuds.fr\/wp-content\/uploads\/2015\/01\/screenshot.13-300x266.jpeg 300w, http:\/\/www.courir-a-corps-nuds.fr\/wp-content\/uploads\/2015\/01\/screenshot.13-150x133.jpeg 150w, http:\/\/www.courir-a-corps-nuds.fr\/wp-content\/uploads\/2015\/01\/screenshot.13.jpeg 418w\" sizes=\"(max-width: 185px) 100vw, 185px\" \/><\/td>\n<\/tr>\n<tr>\n<td>\n<h2>La Gr\u00e9gorienne &#8211; Dimanche 18 janvier 2015<\/h2>\n<p><strong>La Gr\u00e9gorienne &#8211; 7 km<\/strong><br \/>\n296\u00a0 Gaby MOREL\u00a0\u00a0\u00a0\u00a0\u00a0\u00a0\u00a0\u00a0\u00a0 38:03<br \/>\n464\u00a0 Jo\u00eblle TRACOU\u00a0\u00a0\u00a0\u00a0\u00a0\u00a0\u00a0\u00a0\u00a0 39:28<br \/>\n<strong>Daunat &#8211; 10 km<\/strong><br \/>\n114\u00a0 S\u00e9bastien SIMON\u00a0\u00a0\u00a0\u00a0\u00a0\u00a0\u00a0\u00a0\u00a0 37:59<br \/>\n246\u00a0 Guy CHESNEAU\u00a0\u00a0\u00a0\u00a0\u00a0\u00a0\u00a0\u00a0\u00a0 40:25<br \/>\n130\u00a0 St\u00e9phane BEIGNON\u00a0\u00a0\u00a0\u00a0\u00a0\u00a0\u00a0\u00a0\u00a0 38:27<br \/>\n277\u00a0 Anthony QUEMERAIS\u00a0\u00a0\u00a0\u00a0\u00a0\u00a0\u00a0\u00a0\u00a0 40:57<br \/>\n483\u00a0 Eddy WILMET\u00a0\u00a0\u00a0\u00a0\u00a0\u00a0\u00a0\u00a0\u00a0 43:17<br \/>\n825\u00a0 Philippe LEVREL\u00a0\u00a0\u00a0\u00a0\u00a0\u00a0\u00a0\u00a0\u00a0 46:42<br \/>\n1000\u00a0 Bastien TRACOU\u00a0\u00a0\u00a0\u00a0\u00a0\u00a0\u00a0\u00a0\u00a0 48:32<\/td>\n<td width=\"200\"><img loading=\"lazy\" class=\"aligncenter wp-image-3697\" src=\"http:\/\/www.courir-a-corps-nuds.fr\/wp-content\/uploads\/2015\/01\/img.100-e1422354816937.jpg\" alt=\"img.100\" width=\"185\" height=\"188\" \/><\/td>\n<\/tr>\n<\/tbody>\n<\/table>\n","protected":false},"excerpt":{"rendered":"<p>&nbsp; Trail du Bo\u00ebl 10 Juin 2018 24 km 21\u00a0\u00a0 Beignon St\u00e9phane 01:58:24 129 Fouillet Etienne 02:15:10 239 Simon S\u00e9bastien 02:29:15 276 Collias Arnaud 02:35:31 Marathon de Blaye 12 Mai 2018 42,195 km 460 Tracou\u00a0 Joelle 05:48:44\u00a0 1er marathon BRAVO \ud83d\ude42 461 Chesneau Guy 05:48:44 462 Berthelot Eric 05:48:44 472 Lemer Philippe 05:48:44 Rennes Urban [&hellip;]<\/p>\n","protected":false},"author":1,"featured_media":0,"comment_status":"closed","ping_status":"open","sticky":false,"template":"","format":"standard","meta":[],"categories":[1],"tags":[],"_links":{"self":[{"href":"http:\/\/www.courir-a-corps-nuds.fr\/index.php?rest_route=\/wp\/v2\/posts\/3696"}],"collection":[{"href":"http:\/\/www.courir-a-corps-nuds.fr\/index.php?rest_route=\/wp\/v2\/posts"}],"about":[{"href":"http:\/\/www.courir-a-corps-nuds.fr\/index.php?rest_route=\/wp\/v2\/types\/post"}],"author":[{"embeddable":true,"href":"http:\/\/www.courir-a-corps-nuds.fr\/index.php?rest_route=\/wp\/v2\/users\/1"}],"replies":[{"embeddable":true,"href":"http:\/\/www.courir-a-corps-nuds.fr\/index.php?rest_route=%2Fwp%2Fv2%2Fcomments&post=3696"}],"version-history":[{"count":177,"href":"http:\/\/www.courir-a-corps-nuds.fr\/index.php?rest_route=\/wp\/v2\/posts\/3696\/revisions"}],"predecessor-version":[{"id":5530,"href":"http:\/\/www.courir-a-corps-nuds.fr\/index.php?rest_route=\/wp\/v2\/posts\/3696\/revisions\/5530"}],"wp:attachment":[{"href":"http:\/\/www.courir-a-corps-nuds.fr\/index.php?rest_route=%2Fwp%2Fv2%2Fmedia&parent=3696"}],"wp:term":[{"taxonomy":"category","embeddable":true,"href":"http:\/\/www.courir-a-corps-nuds.fr\/index.php?rest_route=%2Fwp%2Fv2%2Fcategories&post=3696"},{"taxonomy":"post_tag","embeddable":true,"href":"http:\/\/www.courir-a-corps-nuds.fr\/index.php?rest_route=%2Fwp%2Fv2%2Ftags&post=3696"}],"curies":[{"name":"wp","href":"https:\/\/api.w.org\/{rel}","templated":true}]}}