{"id":4019,"date":"2015-09-18T22:01:22","date_gmt":"2015-09-18T21:01:22","guid":{"rendered":"http:\/\/www.courir-a-corps-nuds.fr\/?p=4019"},"modified":"2015-09-19T08:50:38","modified_gmt":"2015-09-19T07:50:38","slug":"ils-vont-participer-au-marathon-de-la-vie","status":"publish","type":"post","link":"http:\/\/www.courir-a-corps-nuds.fr\/?p=4019","title":{"rendered":"Ils vont participer au Marathon de la vie !!!"},"content":{"rendered":"<p>Le marathon de la vie va se d\u00e9rouler le 20 septembre prochain. Son but : soutenir les malades atteints par le cancer, c&#8217;est dire que tout le monde est concern\u00e9 soit directement ou indirectement !<\/p>\n<p>Le soutien financier va permettre d&#8217;offrir de meilleures conditions d&#8217;accueil et d&#8217;aide aux familles des malades ainsi qu&#8217;am\u00e9liorer la vie \u00e0 l&#8217;h\u00f4pital pour les malades.<\/p>\n<p>Courir pour cette bonne cause nous a paru \u00e9vident pour les Cacous et nous sommes heureux de repr\u00e9senter notre association lors de cette course qui n&#8217;est pas du tout une comp\u00e9tition (il n&#8217;y a aucun chrono ) mais juste le plaisir de participer \u00e0 cette journ\u00e9e de solidarit\u00e9.<\/p>\n<div><strong>Bruno\u00a0<img loading=\"lazy\" class=\"aligncenter  wp-image-4020\" src=\"http:\/\/www.courir-a-corps-nuds.fr\/wp-content\/uploads\/2015\/09\/bruno.jpg\" alt=\"bruno\" width=\"111\" height=\"153\" srcset=\"http:\/\/www.courir-a-corps-nuds.fr\/wp-content\/uploads\/2015\/09\/bruno.jpg 673w, http:\/\/www.courir-a-corps-nuds.fr\/wp-content\/uploads\/2015\/09\/bruno-109x150.jpg 109w, http:\/\/www.courir-a-corps-nuds.fr\/wp-content\/uploads\/2015\/09\/bruno-218x300.jpg 218w\" sizes=\"(max-width: 111px) 100vw, 111px\" \/>\u00a0et Pascal<img loading=\"lazy\" class=\"  wp-image-4022 aligncenter\" src=\"http:\/\/www.courir-a-corps-nuds.fr\/wp-content\/uploads\/2015\/09\/Pascal.jpg\" alt=\"Pascal\" width=\"114\" height=\"156\" srcset=\"http:\/\/www.courir-a-corps-nuds.fr\/wp-content\/uploads\/2015\/09\/Pascal.jpg 504w, http:\/\/www.courir-a-corps-nuds.fr\/wp-content\/uploads\/2015\/09\/Pascal-110x150.jpg 110w, http:\/\/www.courir-a-corps-nuds.fr\/wp-content\/uploads\/2015\/09\/Pascal-219x300.jpg 219w\" sizes=\"(max-width: 114px) 100vw, 114px\" \/><\/strong> feront le 8 km partant du centre Eug\u00e8ne Marquis jusqu&#8217;\u00e0 St Jacques, un peu de ville avec les 3 km de prologue auquel participent des malades, puis 5 km par\u00a0des sentiers tranquilles jusqu&#8217;au stade Allende o\u00f9 attendent les 2\u00e8me relais.<\/div>\n<div><\/div>\n<div><strong>Murielle <img loading=\"lazy\" class=\"aligncenter  wp-image-4023\" src=\"http:\/\/www.courir-a-corps-nuds.fr\/wp-content\/uploads\/2015\/09\/murielle-730x1024.jpg\" alt=\"murielle\" width=\"124\" height=\"173\" srcset=\"http:\/\/www.courir-a-corps-nuds.fr\/wp-content\/uploads\/2015\/09\/murielle-730x1024.jpg 730w, http:\/\/www.courir-a-corps-nuds.fr\/wp-content\/uploads\/2015\/09\/murielle-107x150.jpg 107w, http:\/\/www.courir-a-corps-nuds.fr\/wp-content\/uploads\/2015\/09\/murielle-214x300.jpg 214w, http:\/\/www.courir-a-corps-nuds.fr\/wp-content\/uploads\/2015\/09\/murielle.jpg 1328w\" sizes=\"(max-width: 124px) 100vw, 124px\" \/>et Pascal<\/strong> (il fait effectivement 2 \u00e9tapes, soit 21km au total) parcourront les 13 km de St Jacques \u00e0 St Erblon, en passant par Chartres de Bgne et Noyal\/Chatillon dont la fameuse passerelle au-dessus de la 4 voies. A St Erblon les attendront les 3emes relais :<\/div>\n<div><\/div>\n<div><strong>Joelle <img loading=\"lazy\" class=\"aligncenter  wp-image-4024\" src=\"http:\/\/www.courir-a-corps-nuds.fr\/wp-content\/uploads\/2015\/09\/joelle.jpg\" alt=\"joelle\" width=\"98\" height=\"202\" srcset=\"http:\/\/www.courir-a-corps-nuds.fr\/wp-content\/uploads\/2015\/09\/joelle.jpg 429w, http:\/\/www.courir-a-corps-nuds.fr\/wp-content\/uploads\/2015\/09\/joelle-73x150.jpg 73w, http:\/\/www.courir-a-corps-nuds.fr\/wp-content\/uploads\/2015\/09\/joelle-145x300.jpg 145w\" sizes=\"(max-width: 98px) 100vw, 98px\" \/>, Bastien<img loading=\"lazy\" class=\"aligncenter  wp-image-4025\" src=\"http:\/\/www.courir-a-corps-nuds.fr\/wp-content\/uploads\/2015\/09\/bastien-1-688x1024.jpg\" alt=\"bastien 1\" width=\"109\" height=\"163\" srcset=\"http:\/\/www.courir-a-corps-nuds.fr\/wp-content\/uploads\/2015\/09\/bastien-1-688x1024.jpg 688w, http:\/\/www.courir-a-corps-nuds.fr\/wp-content\/uploads\/2015\/09\/bastien-1-101x150.jpg 101w, http:\/\/www.courir-a-corps-nuds.fr\/wp-content\/uploads\/2015\/09\/bastien-1-202x300.jpg 202w, http:\/\/www.courir-a-corps-nuds.fr\/wp-content\/uploads\/2015\/09\/bastien-1.jpg 978w\" sizes=\"(max-width: 109px) 100vw, 109px\" \/> et Stephane<\/strong> <img loading=\"lazy\" class=\"aligncenter  wp-image-4021\" src=\"http:\/\/www.courir-a-corps-nuds.fr\/wp-content\/uploads\/2015\/09\/stephane-1.jpg\" alt=\"stephane 1\" width=\"114\" height=\"178\" srcset=\"http:\/\/www.courir-a-corps-nuds.fr\/wp-content\/uploads\/2015\/09\/stephane-1.jpg 646w, http:\/\/www.courir-a-corps-nuds.fr\/wp-content\/uploads\/2015\/09\/stephane-1-96x150.jpg 96w, http:\/\/www.courir-a-corps-nuds.fr\/wp-content\/uploads\/2015\/09\/stephane-1-192x300.jpg 192w\" sizes=\"(max-width: 114px) 100vw, 114px\" \/>courront les 13 km de St Erblon \u00e0 Amanlis : petits sentiers et c\u00f4tes sympathiques dans la campagne en passant par St Armel et Epron. Les derniers relais d\u00e9marreront imm\u00e9diatement :<\/div>\n<div><\/div>\n<div><strong>Nelly <img loading=\"lazy\" class=\"aligncenter  wp-image-4026\" src=\"http:\/\/www.courir-a-corps-nuds.fr\/wp-content\/uploads\/2015\/09\/nelly-748x1024.jpg\" alt=\"nelly\" width=\"122\" height=\"167\" srcset=\"http:\/\/www.courir-a-corps-nuds.fr\/wp-content\/uploads\/2015\/09\/nelly-748x1024.jpg 748w, http:\/\/www.courir-a-corps-nuds.fr\/wp-content\/uploads\/2015\/09\/nelly-110x150.jpg 110w, http:\/\/www.courir-a-corps-nuds.fr\/wp-content\/uploads\/2015\/09\/nelly-219x300.jpg 219w, http:\/\/www.courir-a-corps-nuds.fr\/wp-content\/uploads\/2015\/09\/nelly.jpg 1500w\" sizes=\"(max-width: 122px) 100vw, 122px\" \/>et St\u00e9phane<\/strong> (\u00a0il parcourt 23 km sur les 2 derni\u00e8res \u00e9tapes\u00a0) termineront le marathon avec les 10 km jusqu&#8217;\u00e0 Pir\u00e9 sur Seiche, en traversant le bourg d&#8217;Amanlis par de tr\u00e8s beaux sentiers passant le long de la Seiche, la rivi\u00e8re dont plusieurs communes portent le nom.<\/div>\n<div><\/div>\n<div>Vous pouvez venir les soutenir tout au long du parcours que vous retrouverez sur le site du marathon de la vie : www.marathondelavie.org<\/div>\n<div><\/div>\n<div>L&#8217;arriv\u00e9e se fera \u00e0 Pir\u00e9 vers les 13h00 o\u00f9 tous les relayeurs se retrouveront pour passer la ligne d&#8217;arriv\u00e9e ensemble,\u00a0 moment fort en \u00e9motion quand on court pour une cause aussi importante.<\/div>\n<div><\/div>\n<div>Les photos de cette manifestation suivront tr\u00e8s prochainement !!!<\/div>\n","protected":false},"excerpt":{"rendered":"<p>Le marathon de la vie va se d\u00e9rouler le 20 septembre prochain. Son but : soutenir les malades atteints par le cancer, c&#8217;est dire que tout le monde est concern\u00e9 soit directement ou indirectement ! Le soutien financier va permettre d&#8217;offrir de meilleures conditions d&#8217;accueil et d&#8217;aide aux familles des malades ainsi qu&#8217;am\u00e9liorer la vie [&hellip;]<\/p>\n","protected":false},"author":1,"featured_media":0,"comment_status":"closed","ping_status":"open","sticky":false,"template":"","format":"standard","meta":[],"categories":[4,3],"tags":[],"_links":{"self":[{"href":"http:\/\/www.courir-a-corps-nuds.fr\/index.php?rest_route=\/wp\/v2\/posts\/4019"}],"collection":[{"href":"http:\/\/www.courir-a-corps-nuds.fr\/index.php?rest_route=\/wp\/v2\/posts"}],"about":[{"href":"http:\/\/www.courir-a-corps-nuds.fr\/index.php?rest_route=\/wp\/v2\/types\/post"}],"author":[{"embeddable":true,"href":"http:\/\/www.courir-a-corps-nuds.fr\/index.php?rest_route=\/wp\/v2\/users\/1"}],"replies":[{"embeddable":true,"href":"http:\/\/www.courir-a-corps-nuds.fr\/index.php?rest_route=%2Fwp%2Fv2%2Fcomments&post=4019"}],"version-history":[{"count":4,"href":"http:\/\/www.courir-a-corps-nuds.fr\/index.php?rest_route=\/wp\/v2\/posts\/4019\/revisions"}],"predecessor-version":[{"id":4031,"href":"http:\/\/www.courir-a-corps-nuds.fr\/index.php?rest_route=\/wp\/v2\/posts\/4019\/revisions\/4031"}],"wp:attachment":[{"href":"http:\/\/www.courir-a-corps-nuds.fr\/index.php?rest_route=%2Fwp%2Fv2%2Fmedia&parent=4019"}],"wp:term":[{"taxonomy":"category","embeddable":true,"href":"http:\/\/www.courir-a-corps-nuds.fr\/index.php?rest_route=%2Fwp%2Fv2%2Fcategories&post=4019"},{"taxonomy":"post_tag","embeddable":true,"href":"http:\/\/www.courir-a-corps-nuds.fr\/index.php?rest_route=%2Fwp%2Fv2%2Ftags&post=4019"}],"curies":[{"name":"wp","href":"https:\/\/api.w.org\/{rel}","templated":true}]}}