{"id":4115,"date":"2015-09-28T17:19:37","date_gmt":"2015-09-28T16:19:37","guid":{"rendered":"http:\/\/www.courir-a-corps-nuds.fr\/?p=4115"},"modified":"2015-09-28T17:20:01","modified_gmt":"2015-09-28T16:20:01","slug":"les-photos-du-marathon-de-la-vie","status":"publish","type":"post","link":"http:\/\/www.courir-a-corps-nuds.fr\/?p=4115","title":{"rendered":"les photos du MARATHON DE LA VIE"},"content":{"rendered":"<p>Comme promis voici les photos des Cacous courant lors de cette journ\u00e9e ensoleill\u00e9e<\/p>\n<p><span style=\"text-decoration: underline;\">D\u00e9part au Centre Eug\u00e8ne Marquis<\/span><\/p>\n<p><span style=\"text-decoration: underline;\"><a href=\"http:\/\/www.courir-a-corps-nuds.fr\/?attachment_id=4116\" rel=\"attachment wp-att-4116\"><img loading=\"lazy\" class=\"aligncenter  wp-image-4116\" src=\"http:\/\/www.courir-a-corps-nuds.fr\/wp-content\/uploads\/2015\/09\/1-DEPART-MARATHON--1024x683.jpg\" alt=\"1 DEPART MARATHON\" width=\"442\" height=\"294\" srcset=\"http:\/\/www.courir-a-corps-nuds.fr\/wp-content\/uploads\/2015\/09\/1-DEPART-MARATHON--1024x683.jpg 1024w, http:\/\/www.courir-a-corps-nuds.fr\/wp-content\/uploads\/2015\/09\/1-DEPART-MARATHON--150x100.jpg 150w, http:\/\/www.courir-a-corps-nuds.fr\/wp-content\/uploads\/2015\/09\/1-DEPART-MARATHON--300x200.jpg 300w, http:\/\/www.courir-a-corps-nuds.fr\/wp-content\/uploads\/2015\/09\/1-DEPART-MARATHON-.jpg 1500w\" sizes=\"(max-width: 442px) 100vw, 442px\" \/><\/a><\/span>Bruno et Pascal portant le tee-shirt jaune vont d\u00e9marrer et rejoindre la 2eme \u00e9tape \u00e0 St jacques<\/p>\n<p>Bruno est un peu fatigu\u00e9 et passe le relai \u00e0 Murielle.<a href=\"http:\/\/www.courir-a-corps-nuds.fr\/?attachment_id=4117\" rel=\"attachment wp-att-4117\"><img loading=\"lazy\" class=\"aligncenter  wp-image-4117\" src=\"http:\/\/www.courir-a-corps-nuds.fr\/wp-content\/uploads\/2015\/09\/PASSAGE-DE-RELAI-1-\u00e0-2-1024x961.jpg\" alt=\"PASSAGE DE RELAI 1 \u00e0 2\" width=\"293\" height=\"275\" srcset=\"http:\/\/www.courir-a-corps-nuds.fr\/wp-content\/uploads\/2015\/09\/PASSAGE-DE-RELAI-1-\u00e0-2-1024x961.jpg 1024w, http:\/\/www.courir-a-corps-nuds.fr\/wp-content\/uploads\/2015\/09\/PASSAGE-DE-RELAI-1-\u00e0-2-150x141.jpg 150w, http:\/\/www.courir-a-corps-nuds.fr\/wp-content\/uploads\/2015\/09\/PASSAGE-DE-RELAI-1-\u00e0-2-300x281.jpg 300w, http:\/\/www.courir-a-corps-nuds.fr\/wp-content\/uploads\/2015\/09\/PASSAGE-DE-RELAI-1-\u00e0-2.jpg 1500w\" sizes=\"(max-width: 293px) 100vw, 293px\" \/><\/a> Pascal continue sur cette 2\u00e9me \u00e9tape jusqu&#8217;\u00e0 St Erblon<\/p>\n<p><a href=\"http:\/\/www.courir-a-corps-nuds.fr\/?attachment_id=4118\" rel=\"attachment wp-att-4118\"><img loading=\"lazy\" class=\"aligncenter  wp-image-4118\" src=\"http:\/\/www.courir-a-corps-nuds.fr\/wp-content\/uploads\/2015\/09\/3-passage-de-relais-2-\u00e0-3-1024x683.jpg\" alt=\"3 passage de relais 2 \u00e0 3\" width=\"371\" height=\"246\" srcset=\"http:\/\/www.courir-a-corps-nuds.fr\/wp-content\/uploads\/2015\/09\/3-passage-de-relais-2-\u00e0-3-1024x683.jpg 1024w, http:\/\/www.courir-a-corps-nuds.fr\/wp-content\/uploads\/2015\/09\/3-passage-de-relais-2-\u00e0-3-150x100.jpg 150w, http:\/\/www.courir-a-corps-nuds.fr\/wp-content\/uploads\/2015\/09\/3-passage-de-relais-2-\u00e0-3-300x200.jpg 300w, http:\/\/www.courir-a-corps-nuds.fr\/wp-content\/uploads\/2015\/09\/3-passage-de-relais-2-\u00e0-3.jpg 1500w\" sizes=\"(max-width: 371px) 100vw, 371px\" \/><\/a>Murielle et Pascal\u00a0passent le relai \u00e0 Jo\u00eblle\u00a0, Bastien\u00a0et St\u00e9phane.<\/p>\n<p><a href=\"http:\/\/www.courir-a-corps-nuds.fr\/?attachment_id=4119\" rel=\"attachment wp-att-4119\"><img loading=\"lazy\" class=\"alignleft  wp-image-4119\" src=\"http:\/\/www.courir-a-corps-nuds.fr\/wp-content\/uploads\/2015\/09\/2-coureurs-3eme-et-4eme-relais-1024x685.jpg\" alt=\"2 coureurs 3eme et 4eme relais\" width=\"381\" height=\"255\" srcset=\"http:\/\/www.courir-a-corps-nuds.fr\/wp-content\/uploads\/2015\/09\/2-coureurs-3eme-et-4eme-relais-1024x685.jpg 1024w, http:\/\/www.courir-a-corps-nuds.fr\/wp-content\/uploads\/2015\/09\/2-coureurs-3eme-et-4eme-relais-150x100.jpg 150w, http:\/\/www.courir-a-corps-nuds.fr\/wp-content\/uploads\/2015\/09\/2-coureurs-3eme-et-4eme-relais-300x201.jpg 300w, http:\/\/www.courir-a-corps-nuds.fr\/wp-content\/uploads\/2015\/09\/2-coureurs-3eme-et-4eme-relais.jpg 1500w\" sizes=\"(max-width: 381px) 100vw, 381px\" \/><\/a><\/p>\n<p>Nelly les avait retrouv\u00e9s et elle va les attendre \u00e0 la derni\u00e8re \u00e9tape.<\/p>\n<p>Tout le monde se retrouvera \u00e0 Pir\u00e9 pour parcourir les derniers m\u00e8tres ensemble.<a href=\"http:\/\/www.courir-a-corps-nuds.fr\/?attachment_id=4120\" rel=\"attachment wp-att-4120\"><img loading=\"lazy\" class=\"aligncenter  wp-image-4120\" src=\"http:\/\/www.courir-a-corps-nuds.fr\/wp-content\/uploads\/2015\/09\/4-ARRIVEE-MARATHON-1-1024x765.jpg\" alt=\"4 ARRIVEE MARATHON 1\" width=\"435\" height=\"325\" srcset=\"http:\/\/www.courir-a-corps-nuds.fr\/wp-content\/uploads\/2015\/09\/4-ARRIVEE-MARATHON-1-1024x765.jpg 1024w, http:\/\/www.courir-a-corps-nuds.fr\/wp-content\/uploads\/2015\/09\/4-ARRIVEE-MARATHON-1-150x112.jpg 150w, http:\/\/www.courir-a-corps-nuds.fr\/wp-content\/uploads\/2015\/09\/4-ARRIVEE-MARATHON-1-300x224.jpg 300w, http:\/\/www.courir-a-corps-nuds.fr\/wp-content\/uploads\/2015\/09\/4-ARRIVEE-MARATHON-1.jpg 1500w\" sizes=\"(max-width: 435px) 100vw, 435px\" \/><\/a><a href=\"http:\/\/www.courir-a-corps-nuds.fr\/?attachment_id=4121\" rel=\"attachment wp-att-4121\"><img loading=\"lazy\" class=\"aligncenter  wp-image-4121\" src=\"http:\/\/www.courir-a-corps-nuds.fr\/wp-content\/uploads\/2015\/09\/5-ARRIVEE-MARATHON-2-1024x672.jpg\" alt=\"5 ARRIVEE MARATHON 2\" width=\"532\" height=\"349\" srcset=\"http:\/\/www.courir-a-corps-nuds.fr\/wp-content\/uploads\/2015\/09\/5-ARRIVEE-MARATHON-2-1024x672.jpg 1024w, http:\/\/www.courir-a-corps-nuds.fr\/wp-content\/uploads\/2015\/09\/5-ARRIVEE-MARATHON-2-150x98.jpg 150w, http:\/\/www.courir-a-corps-nuds.fr\/wp-content\/uploads\/2015\/09\/5-ARRIVEE-MARATHON-2-300x197.jpg 300w, http:\/\/www.courir-a-corps-nuds.fr\/wp-content\/uploads\/2015\/09\/5-ARRIVEE-MARATHON-2.jpg 1500w\" sizes=\"(max-width: 532px) 100vw, 532px\" \/><\/a><\/p>\n<p>BELLE COURSE POUR UNE BONNE CAUSE : LE PROCHAIN DEFI SERAIT DE FAIRE PLUS D&#8217;EQUIPES COURANT EN GROUPE TOUT AU LONG DU PARCOURS : PRETS POUR 2016 ?<\/p>\n","protected":false},"excerpt":{"rendered":"<p>Comme promis voici les photos des Cacous courant lors de cette journ\u00e9e ensoleill\u00e9e D\u00e9part au Centre Eug\u00e8ne Marquis Bruno et Pascal portant le tee-shirt jaune vont d\u00e9marrer et rejoindre la 2eme \u00e9tape \u00e0 St jacques Bruno est un peu fatigu\u00e9 et passe le relai \u00e0 Murielle. Pascal continue sur cette 2\u00e9me \u00e9tape jusqu&#8217;\u00e0 St Erblon [&hellip;]<\/p>\n","protected":false},"author":1,"featured_media":0,"comment_status":"closed","ping_status":"open","sticky":false,"template":"","format":"standard","meta":[],"categories":[4],"tags":[],"_links":{"self":[{"href":"http:\/\/www.courir-a-corps-nuds.fr\/index.php?rest_route=\/wp\/v2\/posts\/4115"}],"collection":[{"href":"http:\/\/www.courir-a-corps-nuds.fr\/index.php?rest_route=\/wp\/v2\/posts"}],"about":[{"href":"http:\/\/www.courir-a-corps-nuds.fr\/index.php?rest_route=\/wp\/v2\/types\/post"}],"author":[{"embeddable":true,"href":"http:\/\/www.courir-a-corps-nuds.fr\/index.php?rest_route=\/wp\/v2\/users\/1"}],"replies":[{"embeddable":true,"href":"http:\/\/www.courir-a-corps-nuds.fr\/index.php?rest_route=%2Fwp%2Fv2%2Fcomments&post=4115"}],"version-history":[{"count":2,"href":"http:\/\/www.courir-a-corps-nuds.fr\/index.php?rest_route=\/wp\/v2\/posts\/4115\/revisions"}],"predecessor-version":[{"id":4123,"href":"http:\/\/www.courir-a-corps-nuds.fr\/index.php?rest_route=\/wp\/v2\/posts\/4115\/revisions\/4123"}],"wp:attachment":[{"href":"http:\/\/www.courir-a-corps-nuds.fr\/index.php?rest_route=%2Fwp%2Fv2%2Fmedia&parent=4115"}],"wp:term":[{"taxonomy":"category","embeddable":true,"href":"http:\/\/www.courir-a-corps-nuds.fr\/index.php?rest_route=%2Fwp%2Fv2%2Fcategories&post=4115"},{"taxonomy":"post_tag","embeddable":true,"href":"http:\/\/www.courir-a-corps-nuds.fr\/index.php?rest_route=%2Fwp%2Fv2%2Ftags&post=4115"}],"curies":[{"name":"wp","href":"https:\/\/api.w.org\/{rel}","templated":true}]}}