{"id":5093,"date":"2017-03-21T22:56:39","date_gmt":"2017-03-21T21:56:39","guid":{"rendered":"http:\/\/www.courir-a-corps-nuds.fr\/?p=5093"},"modified":"2017-03-21T22:56:39","modified_gmt":"2017-03-21T21:56:39","slug":"un-podium-a-la-nordique-la-rennaise","status":"publish","type":"post","link":"http:\/\/www.courir-a-corps-nuds.fr\/?p=5093","title":{"rendered":"Un podium \u00e0 la nordique LA RENNAISE !"},"content":{"rendered":"<p>Nos marcheurs cacousiens ont particip\u00e9 \u00e0 cette course de 9 km au Parc des Gayeulles dimanche 19 mars : de beaux r\u00e9sultats pour les filles : Sylvie 2\u00e8me f\u00e9minine ( 1\u00e8re dans sa cat\u00e9gorie ) et Isa 4\u00e8me f\u00e9minine ( 3\u00e8me dans sa cat\u00e9gorie )<\/p>\n<p><a href=\"http:\/\/www.courir-a-corps-nuds.fr\/?attachment_id=5094\" rel=\"attachment wp-att-5094\"><img loading=\"lazy\" class=\"alignleft  wp-image-5094\" src=\"http:\/\/www.courir-a-corps-nuds.fr\/wp-content\/uploads\/2017\/03\/IMG-20170319-WA0002.jpg\" alt=\"IMG-20170319-WA0002\" width=\"731\" height=\"359\" srcset=\"http:\/\/www.courir-a-corps-nuds.fr\/wp-content\/uploads\/2017\/03\/IMG-20170319-WA0002.jpg 1435w, http:\/\/www.courir-a-corps-nuds.fr\/wp-content\/uploads\/2017\/03\/IMG-20170319-WA0002-300x147.jpg 300w, http:\/\/www.courir-a-corps-nuds.fr\/wp-content\/uploads\/2017\/03\/IMG-20170319-WA0002-1024x503.jpg 1024w\" sizes=\"(max-width: 731px) 100vw, 731px\" \/><\/a><\/p>\n<p>&nbsp;<\/p>\n<p>Bravo pour cette belle performance ! \ud83d\ude42<\/p>\n<p><a href=\"http:\/\/www.courir-a-corps-nuds.fr\/?attachment_id=5095\" rel=\"attachment wp-att-5095\"><img loading=\"lazy\" class=\"aligncenter  wp-image-5095\" src=\"http:\/\/www.courir-a-corps-nuds.fr\/wp-content\/uploads\/2017\/03\/IMG-20170319-WA0004.jpg\" alt=\"IMG-20170319-WA0004\" width=\"367\" height=\"488\" srcset=\"http:\/\/www.courir-a-corps-nuds.fr\/wp-content\/uploads\/2017\/03\/IMG-20170319-WA0004.jpg 898w, http:\/\/www.courir-a-corps-nuds.fr\/wp-content\/uploads\/2017\/03\/IMG-20170319-WA0004-226x300.jpg 226w, http:\/\/www.courir-a-corps-nuds.fr\/wp-content\/uploads\/2017\/03\/IMG-20170319-WA0004-771x1024.jpg 771w\" sizes=\"(max-width: 367px) 100vw, 367px\" \/><\/a><\/p>\n","protected":false},"excerpt":{"rendered":"<p>Nos marcheurs cacousiens ont particip\u00e9 \u00e0 cette course de 9 km au Parc des Gayeulles dimanche 19 mars : de beaux r\u00e9sultats pour les filles : Sylvie 2\u00e8me f\u00e9minine ( 1\u00e8re dans sa cat\u00e9gorie ) et Isa 4\u00e8me f\u00e9minine ( 3\u00e8me dans sa cat\u00e9gorie ) &nbsp; Bravo pour cette belle performance ! \ud83d\ude42<\/p>\n","protected":false},"author":1,"featured_media":0,"comment_status":"closed","ping_status":"open","sticky":false,"template":"","format":"standard","meta":[],"categories":[4,3],"tags":[],"_links":{"self":[{"href":"http:\/\/www.courir-a-corps-nuds.fr\/index.php?rest_route=\/wp\/v2\/posts\/5093"}],"collection":[{"href":"http:\/\/www.courir-a-corps-nuds.fr\/index.php?rest_route=\/wp\/v2\/posts"}],"about":[{"href":"http:\/\/www.courir-a-corps-nuds.fr\/index.php?rest_route=\/wp\/v2\/types\/post"}],"author":[{"embeddable":true,"href":"http:\/\/www.courir-a-corps-nuds.fr\/index.php?rest_route=\/wp\/v2\/users\/1"}],"replies":[{"embeddable":true,"href":"http:\/\/www.courir-a-corps-nuds.fr\/index.php?rest_route=%2Fwp%2Fv2%2Fcomments&post=5093"}],"version-history":[{"count":3,"href":"http:\/\/www.courir-a-corps-nuds.fr\/index.php?rest_route=\/wp\/v2\/posts\/5093\/revisions"}],"predecessor-version":[{"id":5098,"href":"http:\/\/www.courir-a-corps-nuds.fr\/index.php?rest_route=\/wp\/v2\/posts\/5093\/revisions\/5098"}],"wp:attachment":[{"href":"http:\/\/www.courir-a-corps-nuds.fr\/index.php?rest_route=%2Fwp%2Fv2%2Fmedia&parent=5093"}],"wp:term":[{"taxonomy":"category","embeddable":true,"href":"http:\/\/www.courir-a-corps-nuds.fr\/index.php?rest_route=%2Fwp%2Fv2%2Fcategories&post=5093"},{"taxonomy":"post_tag","embeddable":true,"href":"http:\/\/www.courir-a-corps-nuds.fr\/index.php?rest_route=%2Fwp%2Fv2%2Ftags&post=5093"}],"curies":[{"name":"wp","href":"https:\/\/api.w.org\/{rel}","templated":true}]}}