{"id":5133,"date":"2017-05-16T21:50:47","date_gmt":"2017-05-16T20:50:47","guid":{"rendered":"http:\/\/www.courir-a-corps-nuds.fr\/?p=5133"},"modified":"2017-05-16T21:50:47","modified_gmt":"2017-05-16T20:50:47","slug":"tout-corps-nuds-marche-et-court","status":"publish","type":"post","link":"http:\/\/www.courir-a-corps-nuds.fr\/?p=5133","title":{"rendered":"TOUT CORPS-NUDS MARCHE ET COURT"},"content":{"rendered":"<p>D\u00e9s que le chapiteau fut dress\u00e9 sur le parvis de l&#8217;\u00e9glise tous les Cornusiens et Cornusiennes accouraient pour participer \u00e0 l&#8217;\u00e9v\u00e9nement. Apr\u00e8s le discours du Pr\u00e9sident et apr\u00e8s qu&#8217;un des honorables repr\u00e9sentants de la commune donne le d\u00e9part, \u00a0les groupes furent form\u00e9s et telle l&#8217;ambiance du marathon de Paris des hordes de sportifs partirent \u00e0 l&#8217;assaut \u00a0d&#8217;un parcours mi urbain , mi champ\u00eatre passant devant les monuments de la commune .<\/p>\n<p>Malheureusement seule la m\u00e9t\u00e9o n&#8217;\u00e9tait pas au RDv <span style=\"color: #3366ff;\">( l\u00e0 ,\u00e0 mon avis Yannick a fum\u00e9 la moquette !!! dixit Jo la plume )<\/span> et contre l&#8217;avis de tous les participants, avec la neige qui tombait nous f\u00fbmes contraint d&#8217;\u00e9courter la sortie, pour \u00e9viter les chutes . Mais le verre de vin <span style=\"color: #3366ff;\">(chaud\u00a0 ? plut\u00f4t du blanc !)<\/span> de l&#8217;amiti\u00e9,\u00a0comme nous sommes un peu au pays d&#8217;Asterix et Ob\u00e9lix &#8220;the TCNM&amp;C&#8221; fut conclu par un gargantuesque repas, bien arros\u00e9 et chant\u00e9.<span style=\"color: #3366ff;\">( repas chez toi , Yannick ?)<br \/>\n<\/span><\/p>\n<p><a href=\"http:\/\/www.courir-a-corps-nuds.fr\/?attachment_id=5134\" rel=\"attachment wp-att-5134\"><img loading=\"lazy\" class=\"alignleft  wp-image-5134\" src=\"http:\/\/www.courir-a-corps-nuds.fr\/wp-content\/uploads\/2017\/05\/IMG-20170514-WA0010.jpg\" alt=\"IMG-20170514-WA0010\" width=\"727\" height=\"727\" srcset=\"http:\/\/www.courir-a-corps-nuds.fr\/wp-content\/uploads\/2017\/05\/IMG-20170514-WA0010.jpg 1564w, http:\/\/www.courir-a-corps-nuds.fr\/wp-content\/uploads\/2017\/05\/IMG-20170514-WA0010-150x150.jpg 150w, http:\/\/www.courir-a-corps-nuds.fr\/wp-content\/uploads\/2017\/05\/IMG-20170514-WA0010-300x300.jpg 300w, http:\/\/www.courir-a-corps-nuds.fr\/wp-content\/uploads\/2017\/05\/IMG-20170514-WA0010-1024x1024.jpg 1024w\" sizes=\"(max-width: 727px) 100vw, 727px\" \/><\/a><\/p>\n<p>&nbsp;<\/p>\n<p>&nbsp;<\/p>\n<p>Assur\u00e9ment La journ\u00e9e initiation du CAC du 14 mai 2017 va devenir le RDv embl\u00e9matique des sportifs de la Commune . C\u2019est &#8220;<em>The TCNM&amp;C&#8221;\u00a0<\/em>une sortie sympathique qui va relancer la tendance de la course \u00e0 pied en groupe , du coaching cool et qui va faire \u00e9clore la marche nordique, pour tous les athl\u00e8tes du quotidien que nous sommes .<\/p>\n<p>Vivement le prochain !<\/p>\n<p>\u00c0 bient\u00f4t !<\/p>\n<p><strong><span style=\"color: #ff0000;\">Isabelle &amp; Yannick\u00a0<\/span><\/strong><\/p>\n","protected":false},"excerpt":{"rendered":"<p>D\u00e9s que le chapiteau fut dress\u00e9 sur le parvis de l&#8217;\u00e9glise tous les Cornusiens et Cornusiennes accouraient pour participer \u00e0 l&#8217;\u00e9v\u00e9nement. Apr\u00e8s le discours du Pr\u00e9sident et apr\u00e8s qu&#8217;un des honorables repr\u00e9sentants de la commune donne le d\u00e9part, \u00a0les groupes furent form\u00e9s et telle l&#8217;ambiance du marathon de Paris des hordes de sportifs partirent \u00e0 [&hellip;]<\/p>\n","protected":false},"author":1,"featured_media":0,"comment_status":"closed","ping_status":"open","sticky":false,"template":"","format":"standard","meta":[],"categories":[4],"tags":[],"_links":{"self":[{"href":"http:\/\/www.courir-a-corps-nuds.fr\/index.php?rest_route=\/wp\/v2\/posts\/5133"}],"collection":[{"href":"http:\/\/www.courir-a-corps-nuds.fr\/index.php?rest_route=\/wp\/v2\/posts"}],"about":[{"href":"http:\/\/www.courir-a-corps-nuds.fr\/index.php?rest_route=\/wp\/v2\/types\/post"}],"author":[{"embeddable":true,"href":"http:\/\/www.courir-a-corps-nuds.fr\/index.php?rest_route=\/wp\/v2\/users\/1"}],"replies":[{"embeddable":true,"href":"http:\/\/www.courir-a-corps-nuds.fr\/index.php?rest_route=%2Fwp%2Fv2%2Fcomments&post=5133"}],"version-history":[{"count":2,"href":"http:\/\/www.courir-a-corps-nuds.fr\/index.php?rest_route=\/wp\/v2\/posts\/5133\/revisions"}],"predecessor-version":[{"id":5136,"href":"http:\/\/www.courir-a-corps-nuds.fr\/index.php?rest_route=\/wp\/v2\/posts\/5133\/revisions\/5136"}],"wp:attachment":[{"href":"http:\/\/www.courir-a-corps-nuds.fr\/index.php?rest_route=%2Fwp%2Fv2%2Fmedia&parent=5133"}],"wp:term":[{"taxonomy":"category","embeddable":true,"href":"http:\/\/www.courir-a-corps-nuds.fr\/index.php?rest_route=%2Fwp%2Fv2%2Fcategories&post=5133"},{"taxonomy":"post_tag","embeddable":true,"href":"http:\/\/www.courir-a-corps-nuds.fr\/index.php?rest_route=%2Fwp%2Fv2%2Ftags&post=5133"}],"curies":[{"name":"wp","href":"https:\/\/api.w.org\/{rel}","templated":true}]}}