{"id":5167,"date":"2017-07-06T13:02:26","date_gmt":"2017-07-06T12:02:26","guid":{"rendered":"http:\/\/www.courir-a-corps-nuds.fr\/?p=5167"},"modified":"2017-09-18T22:00:26","modified_gmt":"2017-09-18T21:00:26","slug":"dates-a-retenir-des-maintenant","status":"publish","type":"post","link":"http:\/\/www.courir-a-corps-nuds.fr\/?p=5167","title":{"rendered":"Dates \u00e0 retenir d\u00e8s maintenant !"},"content":{"rendered":"<p>A noter sur vos agendas :<\/p>\n<p><span style=\"text-decoration: underline;\"><strong>FORUM DES ASSOCIATIONS<\/strong><\/span> : vendredi 8 septembre \u00e0 partir de 18h00<\/p>\n<p><span style=\"text-decoration: underline;\"><strong>TOUT CORPS-NUDS MARCHE ET COURT<\/strong><\/span> : dimanche 10 septembre d\u00e9part 10h place du march\u00e9<\/p>\n<p><span style=\"text-decoration: underline;\"><strong>REPAS DU CAC<\/strong><\/span> : samedi 21 octobre \u00e0 partir de 19h00 , salle Huberdi\u00e8re<\/p>\n<p><span style=\"text-decoration: underline;\"><strong>ASSEMBLEE GENERALE<\/strong><\/span>: samedi 9 d\u00e9cembre\u00a0 10h00 salle Huberdi\u00e8re<\/p>\n<p><span style=\"text-decoration: underline;\"><strong>GALETTE DES ROIS ET REINES<\/strong><\/span> : dimanche 21 janvier 2018\u00a0 \u00e0 la maison de l&#8217;enfance<\/p>\n<p>et &#8230;<\/p>\n<p><span style=\"color: #ff0000;\"><strong><span style=\"text-decoration: underline;\">TRAIL NOCTURNE suivi d&#8217;un repas festif<\/span><\/strong><span style=\"text-decoration: underline;\"> :<\/span><span style=\"color: #000000;\"><strong> samedi 10 novembre 2018 ; on fera \u00e0 nouveau appel \u00e0 tous le b\u00e9n\u00e9voles !<\/strong><\/span> <\/span><\/p>\n<p>&nbsp;<\/p>\n<p><strong>toutes ces informations vous seront confirm\u00e9es au fur et \u00e0 mesure, des modifications \u00e9tant toujours possibles&#8230;<\/strong><\/p>\n","protected":false},"excerpt":{"rendered":"<p>A noter sur vos agendas : FORUM DES ASSOCIATIONS : vendredi 8 septembre \u00e0 partir de 18h00 TOUT CORPS-NUDS MARCHE ET COURT : dimanche 10 septembre d\u00e9part 10h place du march\u00e9 REPAS DU CAC : samedi 21 octobre \u00e0 partir de 19h00 , salle Huberdi\u00e8re ASSEMBLEE GENERALE: samedi 9 d\u00e9cembre\u00a0 10h00 salle Huberdi\u00e8re GALETTE DES [&hellip;]<\/p>\n","protected":false},"author":1,"featured_media":0,"comment_status":"closed","ping_status":"open","sticky":false,"template":"","format":"standard","meta":[],"categories":[4],"tags":[],"_links":{"self":[{"href":"http:\/\/www.courir-a-corps-nuds.fr\/index.php?rest_route=\/wp\/v2\/posts\/5167"}],"collection":[{"href":"http:\/\/www.courir-a-corps-nuds.fr\/index.php?rest_route=\/wp\/v2\/posts"}],"about":[{"href":"http:\/\/www.courir-a-corps-nuds.fr\/index.php?rest_route=\/wp\/v2\/types\/post"}],"author":[{"embeddable":true,"href":"http:\/\/www.courir-a-corps-nuds.fr\/index.php?rest_route=\/wp\/v2\/users\/1"}],"replies":[{"embeddable":true,"href":"http:\/\/www.courir-a-corps-nuds.fr\/index.php?rest_route=%2Fwp%2Fv2%2Fcomments&post=5167"}],"version-history":[{"count":4,"href":"http:\/\/www.courir-a-corps-nuds.fr\/index.php?rest_route=\/wp\/v2\/posts\/5167\/revisions"}],"predecessor-version":[{"id":5185,"href":"http:\/\/www.courir-a-corps-nuds.fr\/index.php?rest_route=\/wp\/v2\/posts\/5167\/revisions\/5185"}],"wp:attachment":[{"href":"http:\/\/www.courir-a-corps-nuds.fr\/index.php?rest_route=%2Fwp%2Fv2%2Fmedia&parent=5167"}],"wp:term":[{"taxonomy":"category","embeddable":true,"href":"http:\/\/www.courir-a-corps-nuds.fr\/index.php?rest_route=%2Fwp%2Fv2%2Fcategories&post=5167"},{"taxonomy":"post_tag","embeddable":true,"href":"http:\/\/www.courir-a-corps-nuds.fr\/index.php?rest_route=%2Fwp%2Fv2%2Ftags&post=5167"}],"curies":[{"name":"wp","href":"https:\/\/api.w.org\/{rel}","templated":true}]}}