{"id":5205,"date":"2017-09-19T23:08:37","date_gmt":"2017-09-19T22:08:37","guid":{"rendered":"http:\/\/www.courir-a-corps-nuds.fr\/?p=5205"},"modified":"2017-09-19T23:08:37","modified_gmt":"2017-09-19T22:08:37","slug":"marathon-de-la-vie-2-equipes","status":"publish","type":"post","link":"http:\/\/www.courir-a-corps-nuds.fr\/?p=5205","title":{"rendered":"Marathon de la vie : 2 \u00e9quipes"},"content":{"rendered":"<p>Dimanche 17 septembre : marathon de la vie avec un d\u00e9part au centre Eug\u00e8ne marquis et une arriv\u00e9e \u00e0 Pir\u00e9 sur seiche , un total de 45 km .Les 3 premiers km sont men\u00e9s par des personnes reprenant le sport apr\u00e8s une maladie canc\u00e9reuse : message d&#8217;espoir pour tous les malades et leur entourage.<\/p>\n<p>L&#8217;argent recueillie permet d&#8217;am\u00e9liorer les conditions d&#8217;accueil des malades et de leur famille , leur offrant un peu de r\u00e9confort.<\/p>\n<p>Les km parcourus sont donc charg\u00e9s de sens , d&#8217;\u00e9motion et d&#8217;espoir.<\/p>\n<p><a href=\"http:\/\/www.courir-a-corps-nuds.fr\/?attachment_id=5206\" rel=\"attachment wp-att-5206\"><img loading=\"lazy\" class=\"alignleft size-full wp-image-5206\" src=\"http:\/\/www.courir-a-corps-nuds.fr\/wp-content\/uploads\/2017\/09\/DEPART-DU-MARATHON-SITE.jpg\" alt=\"DEPART DU MARATHON SITE\" width=\"500\" height=\"361\" srcset=\"http:\/\/www.courir-a-corps-nuds.fr\/wp-content\/uploads\/2017\/09\/DEPART-DU-MARATHON-SITE.jpg 500w, http:\/\/www.courir-a-corps-nuds.fr\/wp-content\/uploads\/2017\/09\/DEPART-DU-MARATHON-SITE-300x217.jpg 300w\" sizes=\"(max-width: 500px) 100vw, 500px\" \/><\/a><\/p>\n<p>D\u00e9part sous la pluie , tr\u00e8s vite remplac\u00e9e par le soleil !<\/p>\n<p>&nbsp;<\/p>\n<p><a href=\"http:\/\/www.courir-a-corps-nuds.fr\/?attachment_id=5207\" rel=\"attachment wp-att-5207\"><img loading=\"lazy\" class=\"alignleft size-full wp-image-5207\" src=\"http:\/\/www.courir-a-corps-nuds.fr\/wp-content\/uploads\/2017\/09\/RELAIS-2-SITE.jpg\" alt=\"RELAIS 2 SITE\" width=\"400\" height=\"364\" srcset=\"http:\/\/www.courir-a-corps-nuds.fr\/wp-content\/uploads\/2017\/09\/RELAIS-2-SITE.jpg 400w, http:\/\/www.courir-a-corps-nuds.fr\/wp-content\/uploads\/2017\/09\/RELAIS-2-SITE-300x273.jpg 300w\" sizes=\"(max-width: 400px) 100vw, 400px\" \/><\/a><\/p>\n<p>&nbsp;<\/p>\n<p>&nbsp;<\/p>\n<p>&nbsp;<\/p>\n<p>&nbsp;<\/p>\n<p>&nbsp;<\/p>\n<p>Guy et Eric parcourent les 2 premi\u00e8res \u00e9tapes soit un total de 21.5km.<\/p>\n<p>&nbsp;<\/p>\n<p><span style=\"text-decoration: underline;\"><span style=\"color: #000000; text-decoration: underline;\">\u00a0<\/span><\/span><\/p>\n<p>&nbsp;<\/p>\n<p><span style=\"text-decoration: underline;\"><span style=\"color: #000000; text-decoration: underline;\"><a style=\"color: #000000; text-decoration: underline;\" href=\"http:\/\/www.courir-a-corps-nuds.fr\/?attachment_id=5207\" rel=\"attachment wp-att-5207\">Philippe et Pascal prendront le relai de St Erblon \u00e0 St Armel<\/a><\/span><\/span><\/p>\n<p>&nbsp;<\/p>\n<p><a href=\"http:\/\/www.courir-a-corps-nuds.fr\/?attachment_id=5209\" rel=\"attachment wp-att-5209\"><img loading=\"lazy\" class=\"alignleft size-full wp-image-5209\" src=\"http:\/\/www.courir-a-corps-nuds.fr\/wp-content\/uploads\/2017\/09\/RELAIS-2-PH-ET-P-SITE.jpg\" alt=\"RELAIS 2 PH ET P SITE\" width=\"500\" height=\"355\" srcset=\"http:\/\/www.courir-a-corps-nuds.fr\/wp-content\/uploads\/2017\/09\/RELAIS-2-PH-ET-P-SITE.jpg 500w, http:\/\/www.courir-a-corps-nuds.fr\/wp-content\/uploads\/2017\/09\/RELAIS-2-PH-ET-P-SITE-300x213.jpg 300w\" sizes=\"(max-width: 500px) 100vw, 500px\" \/><\/a><\/p>\n<p>&nbsp;<\/p>\n<p>&nbsp;<\/p>\n<p>Nos 2 lascars filent plus vite que leur ombre et atteignent tr\u00e8s vite le relai 3 \u00e0 Amanlis o\u00f9 les attendent Chrystelle, St\u00e9phane et Joelle&#8230;<\/p>\n<p><a href=\"http:\/\/www.courir-a-corps-nuds.fr\/?attachment_id=5210\" rel=\"attachment wp-att-5210\"><img loading=\"lazy\" class=\"alignleft size-full wp-image-5210\" src=\"http:\/\/www.courir-a-corps-nuds.fr\/wp-content\/uploads\/2017\/09\/RELAIS-3-SITE.jpg\" alt=\"RELAIS 3 SITE\" width=\"500\" height=\"350\" srcset=\"http:\/\/www.courir-a-corps-nuds.fr\/wp-content\/uploads\/2017\/09\/RELAIS-3-SITE.jpg 500w, http:\/\/www.courir-a-corps-nuds.fr\/wp-content\/uploads\/2017\/09\/RELAIS-3-SITE-300x210.jpg 300w\" sizes=\"(max-width: 500px) 100vw, 500px\" \/><\/a><\/p>\n<p>&nbsp;<\/p>\n<p>&nbsp;<\/p>\n<p>&nbsp;<\/p>\n<p>&nbsp;<\/p>\n<p>&nbsp;<\/p>\n<p>&nbsp;<\/p>\n<p>&nbsp;<\/p>\n<p>&nbsp;<\/p>\n<p>&nbsp;<\/p>\n<p>&nbsp;<\/p>\n<p>Arriv\u00e9e \u00e0 pir\u00e9 sur seiche apr\u00e8s 4h15 de course sous un magnifique soleil : tous se rejoignent pour courir ensemble les derniers 500 m.<\/p>\n<p><a href=\"http:\/\/www.courir-a-corps-nuds.fr\/?attachment_id=5211\" rel=\"attachment wp-att-5211\"><img loading=\"lazy\" class=\"alignleft size-full wp-image-5211\" src=\"http:\/\/www.courir-a-corps-nuds.fr\/wp-content\/uploads\/2017\/09\/ARRIVEE-SITE.jpg\" alt=\"ARRIVEE SITE\" width=\"500\" height=\"325\" srcset=\"http:\/\/www.courir-a-corps-nuds.fr\/wp-content\/uploads\/2017\/09\/ARRIVEE-SITE.jpg 500w, http:\/\/www.courir-a-corps-nuds.fr\/wp-content\/uploads\/2017\/09\/ARRIVEE-SITE-300x195.jpg 300w\" sizes=\"(max-width: 500px) 100vw, 500px\" \/><\/a><\/p>\n<p>Grand moment d&#8217;amiti\u00e9 et de bonheur : Rv l&#8217;ann\u00e9e prochaine !\u00a0 \ud83d\ude42<\/p>\n","protected":false},"excerpt":{"rendered":"<p>Dimanche 17 septembre : marathon de la vie avec un d\u00e9part au centre Eug\u00e8ne marquis et une arriv\u00e9e \u00e0 Pir\u00e9 sur seiche , un total de 45 km .Les 3 premiers km sont men\u00e9s par des personnes reprenant le sport apr\u00e8s une maladie canc\u00e9reuse : message d&#8217;espoir pour tous les malades et leur entourage. L&#8217;argent [&hellip;]<\/p>\n","protected":false},"author":1,"featured_media":0,"comment_status":"closed","ping_status":"open","sticky":false,"template":"","format":"standard","meta":[],"categories":[3],"tags":[],"_links":{"self":[{"href":"http:\/\/www.courir-a-corps-nuds.fr\/index.php?rest_route=\/wp\/v2\/posts\/5205"}],"collection":[{"href":"http:\/\/www.courir-a-corps-nuds.fr\/index.php?rest_route=\/wp\/v2\/posts"}],"about":[{"href":"http:\/\/www.courir-a-corps-nuds.fr\/index.php?rest_route=\/wp\/v2\/types\/post"}],"author":[{"embeddable":true,"href":"http:\/\/www.courir-a-corps-nuds.fr\/index.php?rest_route=\/wp\/v2\/users\/1"}],"replies":[{"embeddable":true,"href":"http:\/\/www.courir-a-corps-nuds.fr\/index.php?rest_route=%2Fwp%2Fv2%2Fcomments&post=5205"}],"version-history":[{"count":8,"href":"http:\/\/www.courir-a-corps-nuds.fr\/index.php?rest_route=\/wp\/v2\/posts\/5205\/revisions"}],"predecessor-version":[{"id":5218,"href":"http:\/\/www.courir-a-corps-nuds.fr\/index.php?rest_route=\/wp\/v2\/posts\/5205\/revisions\/5218"}],"wp:attachment":[{"href":"http:\/\/www.courir-a-corps-nuds.fr\/index.php?rest_route=%2Fwp%2Fv2%2Fmedia&parent=5205"}],"wp:term":[{"taxonomy":"category","embeddable":true,"href":"http:\/\/www.courir-a-corps-nuds.fr\/index.php?rest_route=%2Fwp%2Fv2%2Fcategories&post=5205"},{"taxonomy":"post_tag","embeddable":true,"href":"http:\/\/www.courir-a-corps-nuds.fr\/index.php?rest_route=%2Fwp%2Fv2%2Ftags&post=5205"}],"curies":[{"name":"wp","href":"https:\/\/api.w.org\/{rel}","templated":true}]}}