{"id":5282,"date":"2017-11-07T22:41:51","date_gmt":"2017-11-07T21:41:51","guid":{"rendered":"http:\/\/www.courir-a-corps-nuds.fr\/?p=5282"},"modified":"2017-12-04T22:27:21","modified_gmt":"2017-12-04T21:27:21","slug":"ils-ont-participe-au-trail-de-boeuvres","status":"publish","type":"post","link":"http:\/\/www.courir-a-corps-nuds.fr\/?p=5282","title":{"rendered":"Ils ont particip\u00e9 au Trail de Boeuvres"},"content":{"rendered":"<p>Guy,Pascal et Etienne ont repr\u00e9sent\u00e9 le Cac \u00e0 ce Trail sur la course de 29 km.Nous attendons leur r\u00e9cit&#8230;certainement plein de surprises !<\/p>\n<p><a href=\"http:\/\/www.courir-a-corps-nuds.fr\/?attachment_id=5283\" rel=\"attachment wp-att-5283\"><img loading=\"lazy\" class=\"alignleft  wp-image-5283\" src=\"http:\/\/www.courir-a-corps-nuds.fr\/wp-content\/uploads\/2017\/11\/IMG-20171028-WA0000.jpg\" alt=\"IMG-20171028-WA0000\" width=\"530\" height=\"358\" srcset=\"http:\/\/www.courir-a-corps-nuds.fr\/wp-content\/uploads\/2017\/11\/IMG-20171028-WA0000.jpg 1213w, http:\/\/www.courir-a-corps-nuds.fr\/wp-content\/uploads\/2017\/11\/IMG-20171028-WA0000-300x202.jpg 300w, http:\/\/www.courir-a-corps-nuds.fr\/wp-content\/uploads\/2017\/11\/IMG-20171028-WA0000-1024x691.jpg 1024w\" sizes=\"(max-width: 530px) 100vw, 530px\" \/><\/a><\/p>\n<p>&nbsp;<\/p>\n<p>&nbsp;<\/p>\n<p>&nbsp;<\/p>\n<p>&nbsp;<\/p>\n<p>&nbsp;<\/p>\n<p>&nbsp;<\/p>\n<p>&nbsp;<\/p>\n<p>&nbsp;<\/p>\n<p><span style=\"text-decoration: underline;\"><span style=\"color: #ff0000; text-decoration: underline;\">RECIT D&#8217;ETIENNE<\/span><\/span>\u00a0 qui a accept\u00e9 de nous faire partager son exp\u00e9rience : merci \u00e0 toi , c&#8217;est sympa ! \ud83d\ude42<\/p>\n<p><span style=\"color: #0000ff;\">Ch\u00e2teau de Boeuvre un samedi a-m d&#8217;octobre<\/span><br \/>\n<span style=\"color: #0000ff;\">Ayant pr\u00e9vu faire un trail + long d\u00e9but d\u00e9cembre, j&#8217;ai d\u00e9cid\u00e9 de participer au trail de Boeuvre le samedi 28 octobre dans ma pr\u00e9pa. Un parcours proche de la vilaine me semblait plut\u00f4t sympa.<\/span><br \/>\n<span style=\"color: #0000ff;\">Avec 28 km, Pascal \u00e9tait aussi int\u00e9ress\u00e9, Guy lui aurait pr\u00e9f\u00e9r\u00e9 rest\u00e9 sur le 15 mais Pascal a \u00e9t\u00e9 persuasif. Nous voil\u00e0 donc tous les 3 partis pour Guipry par un samedi a-m ensoleill\u00e9.<\/span><\/p>\n<p><span style=\"color: #0000ff;\">Apr\u00e8s avoir r\u00e9cup\u00e9r\u00e9 les dossards , crois\u00e9 qq connaissances de Guy et 5 min d&#8217;\u00e9chauffement, nous nous retrouvons sur la ligne de d\u00e9part. <\/span><br \/>\n<span style=\"color: #0000ff;\">Suite aux conseils de Guy, je pars avec Mathieu, un de ses coll\u00e8gues d&#8217; Orange. Apr\u00e8s 3 km de sentiers forestier, nous nous retrouvons \u00e0 surplomber la Vilaine, sympa mais je trouve que l&#8217;on avance d\u00e9j\u00e0 \u00e0 une belle allure.<\/span><br \/>\n<span style=\"color: #0000ff;\">Au 7 \u00e8me km, premier ravito et les gars devant ne s\u2019arr\u00eatent pas..<span style=\"color: #339966;\">(\u00e7a,ce n&#8217;\u00e9tait pas pr\u00e9vu dans le programme &#8230;une pause plus longue et nourrissante aurait \u00e9t\u00e9 b\u00e9n\u00e9fique ) <\/span>J\u2019attrape quand m\u00eame un gobelet d&#8217;eau et quelques fruits.Apr\u00e8s 2 km de halage, nous remontons sur du sentier en sous-bois avec + ou \u2013 de d\u00e9nivel\u00e9. Je commence doucement \u00e0 laisser partir le groupe de Mathieu qui va trop vite pour moi.<\/span><br \/>\n<span style=\"color: #0000ff;\">A mi course, je suis un peu surpris du chrono mais je me sens encore bien.<\/span><br \/>\n<span style=\"color: #0000ff;\">Au fur et \u00e0 mesure que les km d\u00e9filent, ma vitesse baisse et je commence \u00e0 me sentir moins bien., j&#8217;ai l&#8217;impression que l&#8217;eau de mon camelbag me rend malade Je me mets m\u00eame \u00e0 marcher sur du plat <span style=\"color: #339966;\">(!!! aie aie aie )<\/span> vers le 25 \u00e8me. (J ai plus une impression de malaise que vraiment de fatigue)<\/span><br \/>\n<span style=\"color: #0000ff;\">Dans la derni\u00e8re mont\u00e9e 1 km avant l&#8217;arriv\u00e9e cette impression bizarre me dit qu&#8217;il faut s\u2019arr\u00eater.<\/span><br \/>\n<span style=\"color: #0000ff;\">Je vois des coureurs d\u00e9filer s\u2019inqui\u00e9ter de me voir \u00ab\u00a0blanc\u00a0\u00bb qu ils disent. Je repars apr\u00e8s 5 minutes d\u2019arr\u00eat. <\/span><br \/>\n<span style=\"color: #0000ff;\">Pascal me double dans les 500 derniers m\u00e8tres bien surpris de me revoir<span style=\"color: #339966;\"> ( \u00e7a , c&#8217;est la fable du li\u00e8vre ( alias Etienne ) et de la tortue ( alias Pascal) !!)<\/span> . Je finis en 2 h 56 et pas vraiment frais. J&#8217;ai froid et ai du mal \u00e0 manger et boire grand chose au ravito final.<span style=\"color: #339966;\">( hypoglyc\u00e9mie &#8230;)<\/span><\/span><\/p>\n<p><span style=\"color: #0000ff;\">De retour sur CN, j ai besoin d une bonne douche et d une heure de sieste pour r\u00e9cup\u00e9rer.<\/span><br \/>\n<span style=\"color: #0000ff;\">L&#8217;ap\u00e9ro a d\u00fb attendre&#8230;<\/span><\/p>\n<p><span style=\"color: #0000ff;\">Moralit\u00e9 (1) Le p\u00e8re No\u00ebl n existe pas, Les sensations des premiers km sont toujours trompeuses, et si on part trop vite la suite est compliqu\u00e9e.<\/span><br \/>\n<span style=\"color: #0000ff;\">Moralit\u00e9\u00a0 (2) ; ne pas \u00e9couter Guy au d\u00e9part des courses<\/span><\/p>\n<p><span style=\"color: #ff0000;\">Etienne<\/span>, <span style=\"color: #0000ff;\">qui risque encore de partir trop vite la prochaine fois.<\/span><\/p>\n<p>&nbsp;<\/p>\n<p><strong><span style=\"color: #339966;\">Un grand merci \u00e0 toi Etienne pour cette course partag\u00e9e : nous essaierons de retenir la le\u00e7on !<\/span><\/strong><\/p>\n<p><span style=\"color: #339966;\">Jo la plume (les notes en vert sont des rajouts de ma part\u00a0 )<\/span><\/p>\n","protected":false},"excerpt":{"rendered":"<p>Guy,Pascal et Etienne ont repr\u00e9sent\u00e9 le Cac \u00e0 ce Trail sur la course de 29 km.Nous attendons leur r\u00e9cit&#8230;certainement plein de surprises ! &nbsp; &nbsp; &nbsp; &nbsp; &nbsp; &nbsp; &nbsp; &nbsp; RECIT D&#8217;ETIENNE\u00a0 qui a accept\u00e9 de nous faire partager son exp\u00e9rience : merci \u00e0 toi , c&#8217;est sympa ! \ud83d\ude42 Ch\u00e2teau de Boeuvre un [&hellip;]<\/p>\n","protected":false},"author":1,"featured_media":0,"comment_status":"closed","ping_status":"open","sticky":false,"template":"","format":"standard","meta":[],"categories":[4],"tags":[],"_links":{"self":[{"href":"http:\/\/www.courir-a-corps-nuds.fr\/index.php?rest_route=\/wp\/v2\/posts\/5282"}],"collection":[{"href":"http:\/\/www.courir-a-corps-nuds.fr\/index.php?rest_route=\/wp\/v2\/posts"}],"about":[{"href":"http:\/\/www.courir-a-corps-nuds.fr\/index.php?rest_route=\/wp\/v2\/types\/post"}],"author":[{"embeddable":true,"href":"http:\/\/www.courir-a-corps-nuds.fr\/index.php?rest_route=\/wp\/v2\/users\/1"}],"replies":[{"embeddable":true,"href":"http:\/\/www.courir-a-corps-nuds.fr\/index.php?rest_route=%2Fwp%2Fv2%2Fcomments&post=5282"}],"version-history":[{"count":4,"href":"http:\/\/www.courir-a-corps-nuds.fr\/index.php?rest_route=\/wp\/v2\/posts\/5282\/revisions"}],"predecessor-version":[{"id":5297,"href":"http:\/\/www.courir-a-corps-nuds.fr\/index.php?rest_route=\/wp\/v2\/posts\/5282\/revisions\/5297"}],"wp:attachment":[{"href":"http:\/\/www.courir-a-corps-nuds.fr\/index.php?rest_route=%2Fwp%2Fv2%2Fmedia&parent=5282"}],"wp:term":[{"taxonomy":"category","embeddable":true,"href":"http:\/\/www.courir-a-corps-nuds.fr\/index.php?rest_route=%2Fwp%2Fv2%2Fcategories&post=5282"},{"taxonomy":"post_tag","embeddable":true,"href":"http:\/\/www.courir-a-corps-nuds.fr\/index.php?rest_route=%2Fwp%2Fv2%2Ftags&post=5282"}],"curies":[{"name":"wp","href":"https:\/\/api.w.org\/{rel}","templated":true}]}}