{"id":5349,"date":"2018-01-06T16:18:54","date_gmt":"2018-01-06T15:18:54","guid":{"rendered":"http:\/\/www.courir-a-corps-nuds.fr\/?p=5349"},"modified":"2018-01-11T23:14:05","modified_gmt":"2018-01-11T22:14:05","slug":"reprise-des-activites-du-cac-apres-les-fetes","status":"publish","type":"post","link":"http:\/\/www.courir-a-corps-nuds.fr\/?p=5349","title":{"rendered":"Reprise des activit\u00e9s du CAC apr\u00e8s les f\u00eates"},"content":{"rendered":"<p>Samedi 6 janvier : reprise de la marche et de la course \u00e0 pied : indispensable pour r\u00e9cup\u00e9rer apr\u00e8s les festivit\u00e9s de fin d&#8217;ann\u00e9e !&#8230; \ud83d\ude42<a href=\"http:\/\/www.courir-a-corps-nuds.fr\/?attachment_id=5388\" rel=\"attachment wp-att-5388\"><img loading=\"lazy\" class=\"alignleft  wp-image-5388\" src=\"http:\/\/www.courir-a-corps-nuds.fr\/wp-content\/uploads\/2018\/01\/marcheurs-6-jan-site.jpg\" alt=\"\" width=\"449\" height=\"353\" srcset=\"http:\/\/www.courir-a-corps-nuds.fr\/wp-content\/uploads\/2018\/01\/marcheurs-6-jan-site.jpg 720w, http:\/\/www.courir-a-corps-nuds.fr\/wp-content\/uploads\/2018\/01\/marcheurs-6-jan-site-300x236.jpg 300w\" sizes=\"(max-width: 449px) 100vw, 449px\" \/><\/a><\/p>\n<p>&nbsp;<\/p>\n<p>&nbsp;<\/p>\n<p><span style=\"text-decoration: underline;\"><strong>REPRISE DES S\u00c9ANCES COACHEES PAR CELINE SAMEDI 13 JANVIER<\/strong><\/span> : venez aux heures habituelles avec toute votre bonne humeur pour cette nouvelle ann\u00e9e .<\/p>\n<p>&nbsp;<\/p>\n<p>&nbsp;<\/p>\n<p>&nbsp;<\/p>\n<p><span style=\"color: #0000ff;\">pour m\u00e9moire : 9 h00 marche nordique le samedi matin ,terrain de foot<\/span><\/p>\n<p><span style=\"color: #0000ff;\">\u00a0\u00a0\u00a0\u00a0\u00a0\u00a0\u00a0\u00a0\u00a0\u00a0\u00a0\u00a0\u00a0\u00a0\u00a0\u00a0\u00a0\u00a0\u00a0\u00a0\u00a0\u00a0\u00a0\u00a0\u00a0\u00a0\u00a0 9h30 course \u00e0 pied le samedi matin ,\u00a0 terrain de foot<\/span><\/p>\n<p>&nbsp;<\/p>\n","protected":false},"excerpt":{"rendered":"<p>Samedi 6 janvier : reprise de la marche et de la course \u00e0 pied : indispensable pour r\u00e9cup\u00e9rer apr\u00e8s les festivit\u00e9s de fin d&#8217;ann\u00e9e !&#8230; \ud83d\ude42 &nbsp; &nbsp; REPRISE DES S\u00c9ANCES COACHEES PAR CELINE SAMEDI 13 JANVIER : venez aux heures habituelles avec toute votre bonne humeur pour cette nouvelle ann\u00e9e . &nbsp; &nbsp; &nbsp; [&hellip;]<\/p>\n","protected":false},"author":1,"featured_media":0,"comment_status":"closed","ping_status":"open","sticky":false,"template":"","format":"standard","meta":[],"categories":[4],"tags":[],"_links":{"self":[{"href":"http:\/\/www.courir-a-corps-nuds.fr\/index.php?rest_route=\/wp\/v2\/posts\/5349"}],"collection":[{"href":"http:\/\/www.courir-a-corps-nuds.fr\/index.php?rest_route=\/wp\/v2\/posts"}],"about":[{"href":"http:\/\/www.courir-a-corps-nuds.fr\/index.php?rest_route=\/wp\/v2\/types\/post"}],"author":[{"embeddable":true,"href":"http:\/\/www.courir-a-corps-nuds.fr\/index.php?rest_route=\/wp\/v2\/users\/1"}],"replies":[{"embeddable":true,"href":"http:\/\/www.courir-a-corps-nuds.fr\/index.php?rest_route=%2Fwp%2Fv2%2Fcomments&post=5349"}],"version-history":[{"count":3,"href":"http:\/\/www.courir-a-corps-nuds.fr\/index.php?rest_route=\/wp\/v2\/posts\/5349\/revisions"}],"predecessor-version":[{"id":5390,"href":"http:\/\/www.courir-a-corps-nuds.fr\/index.php?rest_route=\/wp\/v2\/posts\/5349\/revisions\/5390"}],"wp:attachment":[{"href":"http:\/\/www.courir-a-corps-nuds.fr\/index.php?rest_route=%2Fwp%2Fv2%2Fmedia&parent=5349"}],"wp:term":[{"taxonomy":"category","embeddable":true,"href":"http:\/\/www.courir-a-corps-nuds.fr\/index.php?rest_route=%2Fwp%2Fv2%2Fcategories&post=5349"},{"taxonomy":"post_tag","embeddable":true,"href":"http:\/\/www.courir-a-corps-nuds.fr\/index.php?rest_route=%2Fwp%2Fv2%2Ftags&post=5349"}],"curies":[{"name":"wp","href":"https:\/\/api.w.org\/{rel}","templated":true}]}}