{"id":5525,"date":"2018-06-07T22:44:09","date_gmt":"2018-06-07T21:44:09","guid":{"rendered":"http:\/\/www.courir-a-corps-nuds.fr\/?p=5525"},"modified":"2018-06-07T22:44:09","modified_gmt":"2018-06-07T21:44:09","slug":"trail-derquy-temoignage-de-benoit-sur-le-33km","status":"publish","type":"post","link":"http:\/\/www.courir-a-corps-nuds.fr\/?p=5525","title":{"rendered":"TRAIL D&#8217;ERQUY : TEMOIGNAGE DE BENOIT SUR LE 33KM"},"content":{"rendered":"<p>Landes et Bruy\u00e8res 2018<\/p>\n<p>A l&#8217;occasion <strong><span style=\"color: #0000ff;\">des trails Landes et Bruy\u00e8res<\/span><\/strong>, le premier week-end de mai est depuis plusieurs ann\u00e9es, r\u00e9serv\u00e9 pour un week-end entre amis. J&#8217;y ai pris le d\u00e9part du 14 km plusieurs fois\u00a0 et j&#8217;y ai couru mon premier, et seul 33 km (3h33min) il y a deux ans. Je n&#8217;ai pas couru plus de 24 km depuis !<br \/>\nCette ann\u00e9e, j&#8217;ai d\u00e9cid\u00e9 de m&#8217;aligner sur d\u00e9part du 33 Km avec un objectif de chrono.<\/p>\n<p>A chaque fois, il faut se lever t\u00f4t pour l&#8217;inscription. Les 1000 dossards sont partis en une demi-journ\u00e9e.<\/p>\n<p>Pour me pr\u00e9parer, j&#8217;ai choisi un programme sur 12 semaines. Je n&#8217;ai pas \u00e9t\u00e9 tr\u00e8s s\u00e9rieux les quatre premi\u00e8res semaines avec des sorties non r\u00e9alis\u00e9es et de l&#8217;accumulation de fatigue. Mais au fur et \u00e0 mesure l&#8217;\u00e9ch\u00e9ance s&#8217;est approch\u00e9e, j&#8217;ai \u00e9t\u00e9 plus rigoureux et j&#8217;ai d\u00e9couvert les s\u00e9ances de c\u00f4tes et les parcours en triangle. Je suis aussi pass\u00e9 de trois \u00e0 quatre sorties par semaine. Au regard de mon allure \u00e0 l&#8217;entrainement, je me suis fix\u00e9 de finir le trail en moins de 3h15min.<\/p>\n<p>D\u00e9part de Pl\u00e9venon pour une arriv\u00e9e \u00e0 Erquy. Avant la course, je m&#8217;\u00e9tais fix\u00e9 un rythme cardiaque maxi, mais d\u00e8s le d\u00e9part, je l&#8217;ai d\u00e9pass\u00e9 en essayant de ne pas laisser passer trop de coureurs devant moi pour ne pas subir l&#8217;arriv\u00e9e sur le sentier c\u00f4tier au 3i\u00e8me km.<br \/>\nUne fois sur le sentier comme je me sentais bien, j&#8217;ai poursuivi sur le m\u00eame rythme, tout en profitant de l&#8217;ambiance et des superbes paysages c\u00f4tiers.<br \/>\nSur le circuit, il y a un ravitaillement tous les 7 km environ, j&#8217;ai pris le temps de boire un verre d&#8217;eau et de manger quelques fruits secs,<br \/>\nAu 20i\u00e8me km, j&#8217;ai un peu de mal \u00e0 garder le rythme, mais je fais l&#8217;effort pour garder la cadence.<br \/>\nAu 23i\u00e8me km, je consulte mon chrono et je m&#8217;aper\u00e7ois que je pourrais terminer la course en 3h00, j&#8217;y crois un peu !<br \/>\nMais, j&#8217;arrive de plus en plus essouffl\u00e9 au ravitaillement et je ne prends plus de temps de finir mon verre d&#8217;eau. C&#8217;est de plus en plus dur, mais je me dis qu&#8217;il ne reste plus que 10 bornes, puis &#8230;moins de 5 bornes, et je d\u00e9passe m\u00eame des coureurs : le mental est l\u00e0 !<br \/>\nA 3 Km de l&#8217;arriv\u00e9e, apr\u00e8s avoir pass\u00e9 les marches au niveau des Lacs Bleus, je suis bloqu\u00e9 par des crampes aux cuisses. Je dois marcher un moment, plus question d&#8217;allure, j&#8217;essaie juste de trouver une foul\u00e9e qui m&#8217;\u00e9vite les crampes pour avancer sans perdre trop de temps.<br \/>\nA 700 m de l&#8217;arriv\u00e9e, je dois de nouveau m&#8217;arr\u00eater \u00e0 cause des crampes. Un coureur s&#8217;arr\u00eate et je commence \u00e0 marcher avec lui. Je le remercie et l&#8217;encourage \u00e0 mon tour mais il me pousse \u00e0 fournir un dernier effort pour courir avec lui. Il m&#8217;a accompagn\u00e9, avec les encouragements du public, jusqu&#8217;\u00e0 la ligne d&#8217;arriv\u00e9e pour terminer en 3h12min.<\/p>\n<p><strong>Mon bilan<\/strong> :<br \/>\nLes paysages de ce trail sont vraiment magnifiques.<br \/>\nJ&#8217;ai trouv\u00e9 la fin de la course difficile. Il est \u00e9vident que j&#8217;ai assez mal g\u00e9r\u00e9 et que j&#8217;aurais probablement fait le m\u00eame temps en partant moins vite et tout en finissant moins fatigu\u00e9.<br \/>\nToutefois, j&#8217;ai pris confiance et j&#8217;aborderai plus sereinement ce type de distance : je commence m\u00eame \u00e0 m&#8217;imaginer courir 50 km !<br \/>\nJe suis content de mon chrono, mais apr\u00e8s la pr\u00e9pa et la course, je priorise le plaisir de courir plus que chercher \u00e0 viser un objectif de temps. Je n&#8217;ai pas allum\u00e9 mon cardio depuis le 28 avril !<\/p>\n<p><a href=\"http:\/\/www.courir-a-corps-nuds.fr\/?attachment_id=5526\" rel=\"attachment wp-att-5526\"><img loading=\"lazy\" class=\"alignleft size-full wp-image-5526\" src=\"http:\/\/www.courir-a-corps-nuds.fr\/wp-content\/uploads\/2018\/06\/BENOIT-ERQUY-2018.jpg\" alt=\"\" width=\"639\" height=\"480\" srcset=\"http:\/\/www.courir-a-corps-nuds.fr\/wp-content\/uploads\/2018\/06\/BENOIT-ERQUY-2018.jpg 639w, http:\/\/www.courir-a-corps-nuds.fr\/wp-content\/uploads\/2018\/06\/BENOIT-ERQUY-2018-300x225.jpg 300w\" sizes=\"(max-width: 639px) 100vw, 639px\" \/><\/a><br \/>\nAu d\u00e9part avec Chronomatt et Berty qui ont aussi couru 33 km.<\/p>\n<p>&nbsp;<\/p>\n<p>BENOIT \ud83d\ude42<\/p>\n","protected":false},"excerpt":{"rendered":"<p>Landes et Bruy\u00e8res 2018 A l&#8217;occasion des trails Landes et Bruy\u00e8res, le premier week-end de mai est depuis plusieurs ann\u00e9es, r\u00e9serv\u00e9 pour un week-end entre amis. J&#8217;y ai pris le d\u00e9part du 14 km plusieurs fois\u00a0 et j&#8217;y ai couru mon premier, et seul 33 km (3h33min) il y a deux ans. Je n&#8217;ai pas [&hellip;]<\/p>\n","protected":false},"author":1,"featured_media":0,"comment_status":"closed","ping_status":"open","sticky":false,"template":"","format":"standard","meta":[],"categories":[4],"tags":[],"_links":{"self":[{"href":"http:\/\/www.courir-a-corps-nuds.fr\/index.php?rest_route=\/wp\/v2\/posts\/5525"}],"collection":[{"href":"http:\/\/www.courir-a-corps-nuds.fr\/index.php?rest_route=\/wp\/v2\/posts"}],"about":[{"href":"http:\/\/www.courir-a-corps-nuds.fr\/index.php?rest_route=\/wp\/v2\/types\/post"}],"author":[{"embeddable":true,"href":"http:\/\/www.courir-a-corps-nuds.fr\/index.php?rest_route=\/wp\/v2\/users\/1"}],"replies":[{"embeddable":true,"href":"http:\/\/www.courir-a-corps-nuds.fr\/index.php?rest_route=%2Fwp%2Fv2%2Fcomments&post=5525"}],"version-history":[{"count":2,"href":"http:\/\/www.courir-a-corps-nuds.fr\/index.php?rest_route=\/wp\/v2\/posts\/5525\/revisions"}],"predecessor-version":[{"id":5528,"href":"http:\/\/www.courir-a-corps-nuds.fr\/index.php?rest_route=\/wp\/v2\/posts\/5525\/revisions\/5528"}],"wp:attachment":[{"href":"http:\/\/www.courir-a-corps-nuds.fr\/index.php?rest_route=%2Fwp%2Fv2%2Fmedia&parent=5525"}],"wp:term":[{"taxonomy":"category","embeddable":true,"href":"http:\/\/www.courir-a-corps-nuds.fr\/index.php?rest_route=%2Fwp%2Fv2%2Fcategories&post=5525"},{"taxonomy":"post_tag","embeddable":true,"href":"http:\/\/www.courir-a-corps-nuds.fr\/index.php?rest_route=%2Fwp%2Fv2%2Ftags&post=5525"}],"curies":[{"name":"wp","href":"https:\/\/api.w.org\/{rel}","templated":true}]}}