{"id":5741,"date":"2018-12-30T22:42:07","date_gmt":"2018-12-30T21:42:07","guid":{"rendered":"http:\/\/www.courir-a-corps-nuds.fr\/?p=5741"},"modified":"2018-12-30T22:42:07","modified_gmt":"2018-12-30T21:42:07","slug":"belle-participation-des-cacous-au-defi-de-vern-le-recit-de-seb","status":"publish","type":"post","link":"http:\/\/www.courir-a-corps-nuds.fr\/?p=5741","title":{"rendered":"Belle participation des Cacous au d\u00e9fi de Vern : le r\u00e9cit de Seb"},"content":{"rendered":"<p>&nbsp;<\/p>\n<p><a href=\"http:\/\/www.courir-a-corps-nuds.fr\/?attachment_id=5743\" rel=\"attachment wp-att-5743\"><img loading=\"lazy\" class=\"alignleft  wp-image-5743\" src=\"http:\/\/www.courir-a-corps-nuds.fr\/wp-content\/uploads\/2018\/12\/vern.jpg\" alt=\"\" width=\"555\" height=\"268\" srcset=\"http:\/\/www.courir-a-corps-nuds.fr\/wp-content\/uploads\/2018\/12\/vern.jpg 797w, http:\/\/www.courir-a-corps-nuds.fr\/wp-content\/uploads\/2018\/12\/vern-300x145.jpg 300w, http:\/\/www.courir-a-corps-nuds.fr\/wp-content\/uploads\/2018\/12\/vern-768x371.jpg 768w\" sizes=\"(max-width: 555px) 100vw, 555px\" \/><\/a><\/p>\n<p>&nbsp;<\/p>\n<p>&nbsp;<\/p>\n<p>&nbsp;<\/p>\n<p>Les 8 et 9 D\u00e9cembre avaient lieu les Courses Nature de la Seiche organis\u00e9e par l\u2019US Vern.<\/p>\n<p>C\u2019\u00e9tait l\u2019occasion de faire un beau weekend de course avec au programme\u00a0:<\/p>\n<p>&#8211; une course nocturne nature de 11km le samedi soir<\/p>\n<p>&#8211; une course diurne de 16km le dimanche matin<\/p>\n<p>Le tout constituant un d\u00e9fi pour les participants aux 2 courses.<\/p>\n<p><span style=\"color: #0000ff;\"><strong>Samedi soir<\/strong><\/span><\/p>\n<p>Nous covoiturons le samedi soir vers Vern avec Etienne et St\u00e9phane.<\/p>\n<p>Apr\u00e8s un petit \u00e9chauffement, nous rejoignons le d\u00e9part. Le temps est humide mais la temp\u00e9rature plut\u00f4t douce pour la saison.<\/p>\n<p>Le d\u00e9part est donn\u00e9 en descente ce qui invite \u00e0 partir vite. Le parcours est glissant par endroits mais globalement bien roulant. Du chemin stabilis\u00e9, de l\u2019herbe un peu de route: c\u2019est assez vari\u00e9.<\/p>\n<p>Avec St\u00e9phane et \u00c9tienne, nous nous suivons dans la nuit \u00e0 tr\u00e8s peu de distance.<\/p>\n<p>A l\u2019arriv\u00e9e, nous sommes tous dans les 15 premiers sur 186 partants, avec tr\u00e8s peu d\u2019\u00e9cart entre nous.<\/p>\n<p>Le d\u00e9fi CAC va \u00eatre serr\u00e9!<\/p>\n<p><a href=\"http:\/\/www.courir-a-corps-nuds.fr\/?attachment_id=5745\" rel=\"attachment wp-att-5745\"><img loading=\"lazy\" class=\"alignleft  wp-image-5745\" src=\"http:\/\/www.courir-a-corps-nuds.fr\/wp-content\/uploads\/2018\/12\/vern-2.jpg\" alt=\"\" width=\"600\" height=\"230\" srcset=\"http:\/\/www.courir-a-corps-nuds.fr\/wp-content\/uploads\/2018\/12\/vern-2.jpg 847w, http:\/\/www.courir-a-corps-nuds.fr\/wp-content\/uploads\/2018\/12\/vern-2-300x115.jpg 300w, http:\/\/www.courir-a-corps-nuds.fr\/wp-content\/uploads\/2018\/12\/vern-2-768x295.jpg 768w\" sizes=\"(max-width: 600px) 100vw, 600px\" \/><\/a><\/p>\n<p>&nbsp;<\/p>\n<p><span style=\"color: #0000ff;\"><strong>Dimanche matin<\/strong><\/span><\/p>\n<p>D\u00e9s le dimanche on remet le couvert apr\u00e8s une nuit de repos.<\/p>\n<p>Nous nous \u00e9chauffons sous le crachin et ce matin, il fait nettement plus froid que la veille.<\/p>\n<p>Le 16km d\u00e9marre en descente comme le 11km. \u00c9tienne part tr\u00e8s vite. Avec St\u00e9phane, nous pr\u00e9f\u00e9rons partir sur une allure plus raisonnable et l\u2019\u00e9cart se creuse. Pour ma part, j\u2019ai encore quelques traces de la course nocturne alors que de son c\u00f4t\u00e9, \u00c9tienne a l\u2019air tr\u00e8s\u00a0 en jambes.<\/p>\n<p>En le voyant trotter loin devant je commence \u00e0 douter que nous puissions le rattraper.<\/p>\n<p>C\u2019est tout de m\u00eame ce que nous arrivons \u00e0 faire vers le 12\u00e8me km.<\/p>\n<p>Nous finissons tous dans les 20 premiers (sur 184 coureurs au total)<\/p>\n<p><a href=\"http:\/\/www.courir-a-corps-nuds.fr\/?attachment_id=5746\" rel=\"attachment wp-att-5746\"><img loading=\"lazy\" class=\"alignleft  wp-image-5746\" src=\"http:\/\/www.courir-a-corps-nuds.fr\/wp-content\/uploads\/2018\/12\/vern-3.jpg\" alt=\"\" width=\"612\" height=\"321\" srcset=\"http:\/\/www.courir-a-corps-nuds.fr\/wp-content\/uploads\/2018\/12\/vern-3.jpg 846w, http:\/\/www.courir-a-corps-nuds.fr\/wp-content\/uploads\/2018\/12\/vern-3-300x157.jpg 300w, http:\/\/www.courir-a-corps-nuds.fr\/wp-content\/uploads\/2018\/12\/vern-3-768x403.jpg 768w\" sizes=\"(max-width: 612px) 100vw, 612px\" \/><\/a><\/p>\n<p>&nbsp;<\/p>\n<p>Au final, surprise sur le classement du d\u00e9fi.<\/p>\n<p>Nous finissons respectivement 3\u00e8me ,4\u00e8me et 5\u00e8me, et donc un podium pour ma part, mais tout s\u2019est vraiment jou\u00e9 \u00e0 peu de chose.<\/p>\n<p>&nbsp;<\/p>\n<p>En tout cas, <strong><span style=\"color: #0000ff;\">de super classements pour tous les cacous.<\/span><\/strong><\/p>\n<p><strong><span style=\"color: #0000ff;\">BRAVO A TOUS<\/span><\/strong><a href=\"http:\/\/www.courir-a-corps-nuds.fr\/?attachment_id=5747\" rel=\"attachment wp-att-5747\"><img loading=\"lazy\" class=\"alignleft  wp-image-5747\" src=\"http:\/\/www.courir-a-corps-nuds.fr\/wp-content\/uploads\/2018\/12\/vern-4.jpg\" alt=\"\" width=\"644\" height=\"193\" srcset=\"http:\/\/www.courir-a-corps-nuds.fr\/wp-content\/uploads\/2018\/12\/vern-4.jpg 844w, http:\/\/www.courir-a-corps-nuds.fr\/wp-content\/uploads\/2018\/12\/vern-4-300x90.jpg 300w, http:\/\/www.courir-a-corps-nuds.fr\/wp-content\/uploads\/2018\/12\/vern-4-768x230.jpg 768w\" sizes=\"(max-width: 644px) 100vw, 644px\" \/><\/a><\/p>\n<p>&nbsp;<\/p>\n<p>&nbsp;<\/p>\n<p>&nbsp;<\/p>\n<p><a href=\"http:\/\/www.courir-a-corps-nuds.fr\/?attachment_id=5748\" rel=\"attachment wp-att-5748\"><img loading=\"lazy\" class=\"alignleft  wp-image-5748\" src=\"http:\/\/www.courir-a-corps-nuds.fr\/wp-content\/uploads\/2018\/12\/vern-5.jpg\" alt=\"\" width=\"658\" height=\"370\" srcset=\"http:\/\/www.courir-a-corps-nuds.fr\/wp-content\/uploads\/2018\/12\/vern-5.jpg 1278w, http:\/\/www.courir-a-corps-nuds.fr\/wp-content\/uploads\/2018\/12\/vern-5-300x169.jpg 300w, http:\/\/www.courir-a-corps-nuds.fr\/wp-content\/uploads\/2018\/12\/vern-5-768x432.jpg 768w, http:\/\/www.courir-a-corps-nuds.fr\/wp-content\/uploads\/2018\/12\/vern-5-1024x576.jpg 1024w\" sizes=\"(max-width: 658px) 100vw, 658px\" \/><\/a><\/p>\n","protected":false},"excerpt":{"rendered":"<p>&nbsp; &nbsp; &nbsp; &nbsp; Les 8 et 9 D\u00e9cembre avaient lieu les Courses Nature de la Seiche organis\u00e9e par l\u2019US Vern. C\u2019\u00e9tait l\u2019occasion de faire un beau weekend de course avec au programme\u00a0: &#8211; une course nocturne nature de 11km le samedi soir &#8211; une course diurne de 16km le dimanche matin Le tout constituant [&hellip;]<\/p>\n","protected":false},"author":1,"featured_media":0,"comment_status":"closed","ping_status":"open","sticky":false,"template":"","format":"standard","meta":[],"categories":[4],"tags":[],"_links":{"self":[{"href":"http:\/\/www.courir-a-corps-nuds.fr\/index.php?rest_route=\/wp\/v2\/posts\/5741"}],"collection":[{"href":"http:\/\/www.courir-a-corps-nuds.fr\/index.php?rest_route=\/wp\/v2\/posts"}],"about":[{"href":"http:\/\/www.courir-a-corps-nuds.fr\/index.php?rest_route=\/wp\/v2\/types\/post"}],"author":[{"embeddable":true,"href":"http:\/\/www.courir-a-corps-nuds.fr\/index.php?rest_route=\/wp\/v2\/users\/1"}],"replies":[{"embeddable":true,"href":"http:\/\/www.courir-a-corps-nuds.fr\/index.php?rest_route=%2Fwp%2Fv2%2Fcomments&post=5741"}],"version-history":[{"count":5,"href":"http:\/\/www.courir-a-corps-nuds.fr\/index.php?rest_route=\/wp\/v2\/posts\/5741\/revisions"}],"predecessor-version":[{"id":5751,"href":"http:\/\/www.courir-a-corps-nuds.fr\/index.php?rest_route=\/wp\/v2\/posts\/5741\/revisions\/5751"}],"wp:attachment":[{"href":"http:\/\/www.courir-a-corps-nuds.fr\/index.php?rest_route=%2Fwp%2Fv2%2Fmedia&parent=5741"}],"wp:term":[{"taxonomy":"category","embeddable":true,"href":"http:\/\/www.courir-a-corps-nuds.fr\/index.php?rest_route=%2Fwp%2Fv2%2Fcategories&post=5741"},{"taxonomy":"post_tag","embeddable":true,"href":"http:\/\/www.courir-a-corps-nuds.fr\/index.php?rest_route=%2Fwp%2Fv2%2Ftags&post=5741"}],"curies":[{"name":"wp","href":"https:\/\/api.w.org\/{rel}","templated":true}]}}