{"id":5752,"date":"2018-12-31T12:20:08","date_gmt":"2018-12-31T11:20:08","guid":{"rendered":"http:\/\/www.courir-a-corps-nuds.fr\/?p=5752"},"modified":"2018-12-31T12:20:08","modified_gmt":"2018-12-31T11:20:08","slug":"nouveau-bureau-du-cac-2019","status":"publish","type":"post","link":"http:\/\/www.courir-a-corps-nuds.fr\/?p=5752","title":{"rendered":"Nouveau bureau du CAC 2019"},"content":{"rendered":"<p>le 7 d\u00e9cembre\u00a0 avait lieu l&#8217;assembl\u00e9e g\u00e9n\u00e9rale : bilan de la derni\u00e8re ann\u00e9e avec en point fort le trail nocturne . Belle r\u00e9ussite gr\u00e2ce \u00e0 tous \ud83d\ude42<\/p>\n<p>Certains\u00a0 quittent le bureau : nous les remercions chaleureusement pour leur participation active ! Et nous esp\u00e9rons bien qu&#8217;ils reviendrons animer les r\u00e9unions&#8230; \ud83d\ude42\u00a0 <span style=\"color: #ff0000;\"><strong>De grands mercis \u00e0 Jean-Ren\u00e9, Yannick, Daniel et Guy .<\/strong><\/span><\/p>\n<p>Voici le nouveau bureau :<\/p>\n<p><strong><span style=\"color: #3366ff;\">PRESIDENT\u00a0 Eric Berthelot<\/span><\/strong><\/p>\n<p><strong><span style=\"color: #3366ff;\">VICE-PRESIDENT : Arnaud Collias<\/span><\/strong><\/p>\n<p><strong><span style=\"color: #3366ff;\">TRESORIER : Etienne Fouillet<\/span><\/strong><\/p>\n<p><strong><span style=\"color: #3366ff;\">TRESORIER ADJOINT : Pascal Paulin<\/span><\/strong><\/p>\n<p><strong><span style=\"color: #3366ff;\">SECRETAIRE : Nelly David<\/span><\/strong><\/p>\n<p><strong><span style=\"color: #3366ff;\">SECRETAIRE ADJOINTE : Virginie Doursenaud<\/span><\/strong><\/p>\n<p>Webmaster : Arnaud Collias<\/p>\n<p>Suivi des courses et mise \u00e0 jour sur le site : Pascal Paulin<\/p>\n<p>Communication VAC et site WEB : Joelle Tracou<\/p>\n<p>Interlocutrices PPG : Nelly David et C\u00e9line Pierre<\/p>\n<p>Interlocutrices marche nordique : Martine Lefaix et V\u00e9ronique Lacire<\/p>\n<p>Suivi du fichier adh\u00e9rents : Eric Berthelot<\/p>\n<p>Photos : Joelle Tracou<\/p>\n<p>&nbsp;<\/p>\n","protected":false},"excerpt":{"rendered":"<p>le 7 d\u00e9cembre\u00a0 avait lieu l&#8217;assembl\u00e9e g\u00e9n\u00e9rale : bilan de la derni\u00e8re ann\u00e9e avec en point fort le trail nocturne . Belle r\u00e9ussite gr\u00e2ce \u00e0 tous \ud83d\ude42 Certains\u00a0 quittent le bureau : nous les remercions chaleureusement pour leur participation active ! Et nous esp\u00e9rons bien qu&#8217;ils reviendrons animer les r\u00e9unions&#8230; \ud83d\ude42\u00a0 De grands mercis \u00e0 [&hellip;]<\/p>\n","protected":false},"author":1,"featured_media":0,"comment_status":"closed","ping_status":"open","sticky":false,"template":"","format":"standard","meta":[],"categories":[4],"tags":[],"_links":{"self":[{"href":"http:\/\/www.courir-a-corps-nuds.fr\/index.php?rest_route=\/wp\/v2\/posts\/5752"}],"collection":[{"href":"http:\/\/www.courir-a-corps-nuds.fr\/index.php?rest_route=\/wp\/v2\/posts"}],"about":[{"href":"http:\/\/www.courir-a-corps-nuds.fr\/index.php?rest_route=\/wp\/v2\/types\/post"}],"author":[{"embeddable":true,"href":"http:\/\/www.courir-a-corps-nuds.fr\/index.php?rest_route=\/wp\/v2\/users\/1"}],"replies":[{"embeddable":true,"href":"http:\/\/www.courir-a-corps-nuds.fr\/index.php?rest_route=%2Fwp%2Fv2%2Fcomments&post=5752"}],"version-history":[{"count":2,"href":"http:\/\/www.courir-a-corps-nuds.fr\/index.php?rest_route=\/wp\/v2\/posts\/5752\/revisions"}],"predecessor-version":[{"id":5754,"href":"http:\/\/www.courir-a-corps-nuds.fr\/index.php?rest_route=\/wp\/v2\/posts\/5752\/revisions\/5754"}],"wp:attachment":[{"href":"http:\/\/www.courir-a-corps-nuds.fr\/index.php?rest_route=%2Fwp%2Fv2%2Fmedia&parent=5752"}],"wp:term":[{"taxonomy":"category","embeddable":true,"href":"http:\/\/www.courir-a-corps-nuds.fr\/index.php?rest_route=%2Fwp%2Fv2%2Fcategories&post=5752"},{"taxonomy":"post_tag","embeddable":true,"href":"http:\/\/www.courir-a-corps-nuds.fr\/index.php?rest_route=%2Fwp%2Fv2%2Ftags&post=5752"}],"curies":[{"name":"wp","href":"https:\/\/api.w.org\/{rel}","templated":true}]}}