{"id":5764,"date":"2019-01-15T21:45:35","date_gmt":"2019-01-15T20:45:35","guid":{"rendered":"http:\/\/www.courir-a-corps-nuds.fr\/?p=5764"},"modified":"2019-01-15T21:45:35","modified_gmt":"2019-01-15T20:45:35","slug":"premiere-sortie-2019-coureurs-et-marcheurs-sont-repartis-de-bon-pied","status":"publish","type":"post","link":"http:\/\/www.courir-a-corps-nuds.fr\/?p=5764","title":{"rendered":"Premi\u00e8re sortie 2019 : coureurs et marcheurs sont repartis de bon pied !"},"content":{"rendered":"<p>C&#8217;est avec un grand plaisir que les marcheurs se sont retrouv\u00e9s pour la premi\u00e8re sortie de l&#8217;ann\u00e9e , histoire d&#8217;\u00e9liminer quelques unes des calories ingurgit\u00e9es pendant les f\u00eates ! \ud83d\ude42<a href=\"http:\/\/www.courir-a-corps-nuds.fr\/?attachment_id=5765\" rel=\"attachment wp-att-5765\"><img loading=\"lazy\" class=\"alignleft  wp-image-5765\" src=\"http:\/\/www.courir-a-corps-nuds.fr\/wp-content\/uploads\/2019\/01\/20190106-1ere-sortie-de-lann\u00e9e.jpg\" alt=\"\" width=\"572\" height=\"427\" srcset=\"http:\/\/www.courir-a-corps-nuds.fr\/wp-content\/uploads\/2019\/01\/20190106-1ere-sortie-de-lann\u00e9e.jpg 1199w, http:\/\/www.courir-a-corps-nuds.fr\/wp-content\/uploads\/2019\/01\/20190106-1ere-sortie-de-lann\u00e9e-300x224.jpg 300w, http:\/\/www.courir-a-corps-nuds.fr\/wp-content\/uploads\/2019\/01\/20190106-1ere-sortie-de-lann\u00e9e-768x573.jpg 768w, http:\/\/www.courir-a-corps-nuds.fr\/wp-content\/uploads\/2019\/01\/20190106-1ere-sortie-de-lann\u00e9e-1024x764.jpg 1024w\" sizes=\"(max-width: 572px) 100vw, 572px\" \/><\/a><\/p>\n<p>&nbsp;<\/p>\n<p>&nbsp;<\/p>\n<p>&nbsp;<\/p>\n<p>&nbsp;<\/p>\n<p>&nbsp;<\/p>\n<p>&nbsp;<\/p>\n<p>&nbsp;<\/p>\n<p>&nbsp;<\/p>\n<p>&nbsp;<\/p>\n<p>On vous attend le samedi matin 9 h00 pour la marche nordique et 9h30 pour la course \u00e0 pied terrain de foot et le dimanche matin 9h30 pour la course \u00e0 pied place du march\u00e9.<\/p>\n<p>des d\u00e9parts group\u00e9s sont lanc\u00e9s r\u00e9guli\u00e8rement : un bonheur !<a href=\"http:\/\/www.courir-a-corps-nuds.fr\/?attachment_id=5767\" rel=\"attachment wp-att-5767\"><img loading=\"lazy\" class=\"alignleft  wp-image-5767\" src=\"http:\/\/www.courir-a-corps-nuds.fr\/wp-content\/uploads\/2019\/01\/20190106-1ere-sortie-de-lann\u00e9e-2.jpg\" alt=\"\" width=\"611\" height=\"458\" srcset=\"http:\/\/www.courir-a-corps-nuds.fr\/wp-content\/uploads\/2019\/01\/20190106-1ere-sortie-de-lann\u00e9e-2.jpg 960w, http:\/\/www.courir-a-corps-nuds.fr\/wp-content\/uploads\/2019\/01\/20190106-1ere-sortie-de-lann\u00e9e-2-300x225.jpg 300w, http:\/\/www.courir-a-corps-nuds.fr\/wp-content\/uploads\/2019\/01\/20190106-1ere-sortie-de-lann\u00e9e-2-768x576.jpg 768w\" sizes=\"(max-width: 611px) 100vw, 611px\" \/><\/a><\/p>\n","protected":false},"excerpt":{"rendered":"<p>C&#8217;est avec un grand plaisir que les marcheurs se sont retrouv\u00e9s pour la premi\u00e8re sortie de l&#8217;ann\u00e9e , histoire d&#8217;\u00e9liminer quelques unes des calories ingurgit\u00e9es pendant les f\u00eates ! \ud83d\ude42 &nbsp; &nbsp; &nbsp; &nbsp; &nbsp; &nbsp; &nbsp; &nbsp; &nbsp; On vous attend le samedi matin 9 h00 pour la marche nordique et 9h30 pour la [&hellip;]<\/p>\n","protected":false},"author":1,"featured_media":0,"comment_status":"closed","ping_status":"open","sticky":false,"template":"","format":"standard","meta":[],"categories":[4],"tags":[],"_links":{"self":[{"href":"http:\/\/www.courir-a-corps-nuds.fr\/index.php?rest_route=\/wp\/v2\/posts\/5764"}],"collection":[{"href":"http:\/\/www.courir-a-corps-nuds.fr\/index.php?rest_route=\/wp\/v2\/posts"}],"about":[{"href":"http:\/\/www.courir-a-corps-nuds.fr\/index.php?rest_route=\/wp\/v2\/types\/post"}],"author":[{"embeddable":true,"href":"http:\/\/www.courir-a-corps-nuds.fr\/index.php?rest_route=\/wp\/v2\/users\/1"}],"replies":[{"embeddable":true,"href":"http:\/\/www.courir-a-corps-nuds.fr\/index.php?rest_route=%2Fwp%2Fv2%2Fcomments&post=5764"}],"version-history":[{"count":6,"href":"http:\/\/www.courir-a-corps-nuds.fr\/index.php?rest_route=\/wp\/v2\/posts\/5764\/revisions"}],"predecessor-version":[{"id":5772,"href":"http:\/\/www.courir-a-corps-nuds.fr\/index.php?rest_route=\/wp\/v2\/posts\/5764\/revisions\/5772"}],"wp:attachment":[{"href":"http:\/\/www.courir-a-corps-nuds.fr\/index.php?rest_route=%2Fwp%2Fv2%2Fmedia&parent=5764"}],"wp:term":[{"taxonomy":"category","embeddable":true,"href":"http:\/\/www.courir-a-corps-nuds.fr\/index.php?rest_route=%2Fwp%2Fv2%2Fcategories&post=5764"},{"taxonomy":"post_tag","embeddable":true,"href":"http:\/\/www.courir-a-corps-nuds.fr\/index.php?rest_route=%2Fwp%2Fv2%2Ftags&post=5764"}],"curies":[{"name":"wp","href":"https:\/\/api.w.org\/{rel}","templated":true}]}}