{"id":5784,"date":"2019-02-03T21:02:11","date_gmt":"2019-02-03T20:02:11","guid":{"rendered":"http:\/\/www.courir-a-corps-nuds.fr\/?p=5784"},"modified":"2019-02-03T21:02:11","modified_gmt":"2019-02-03T20:02:11","slug":"participation-au-trail-tro-maneguen-benoit-nous-raconte","status":"publish","type":"post","link":"http:\/\/www.courir-a-corps-nuds.fr\/?p=5784","title":{"rendered":"Participation au Trail Tro Maneguen  : BENOIT nous raconte :"},"content":{"rendered":"<p>Je me suis inscrit sur le 23 km du trail Tro Maneguen, \u00e0 Gu\u00e9nin dans le 56, car Den une amie participait \u00e0 la course nature de 9 km,<br \/>\nLa course passait par un site que nous connaissons depuis notre adolescence (la Butte du Maneguen) et nos familles habitent \u00e0 proximit\u00e9.<br \/>\nLe 27 janvier \u00e0 9h00, j&#8217;ai pris le d\u00e9part de la course. Parti sous une pluie fine, le ciel s&#8217;est rapidement d\u00e9gag\u00e9 pour nous donner une belle lumi\u00e8re.<a href=\"http:\/\/www.courir-a-corps-nuds.fr\/?attachment_id=5785\" rel=\"attachment wp-att-5785\"><img loading=\"lazy\" class=\"alignleft  wp-image-5785\" src=\"http:\/\/www.courir-a-corps-nuds.fr\/wp-content\/uploads\/2019\/02\/trail-benoit.jpg\" alt=\"\" width=\"420\" height=\"315\" srcset=\"http:\/\/www.courir-a-corps-nuds.fr\/wp-content\/uploads\/2019\/02\/trail-benoit.jpg 1598w, http:\/\/www.courir-a-corps-nuds.fr\/wp-content\/uploads\/2019\/02\/trail-benoit-300x225.jpg 300w, http:\/\/www.courir-a-corps-nuds.fr\/wp-content\/uploads\/2019\/02\/trail-benoit-768x576.jpg 768w, http:\/\/www.courir-a-corps-nuds.fr\/wp-content\/uploads\/2019\/02\/trail-benoit-1024x768.jpg 1024w\" sizes=\"(max-width: 420px) 100vw, 420px\" \/><\/a><\/p>\n<p>&nbsp;<\/p>\n<p>&nbsp;<\/p>\n<p>&nbsp;<\/p>\n<p>&nbsp;<\/p>\n<p>&nbsp;<\/p>\n<p>&nbsp;<\/p>\n<p>&nbsp;<\/p>\n<p>J&#8217;ai vraiment appr\u00e9ci\u00e9 sur ce trail :<\/p>\n<p>&#8211; le parcours tr\u00e8s nature le long de l&#8217;Evel, dans les bois, &#8230;<br \/>\n&#8211; les passages que j&#8217;ai trouv\u00e9 techniques et exigents : nombreux raidillons o\u00f9 il \u00e9tait impossible pour moi de courir (et m\u00eame quelques cordes \u00e0 un endroit pour s&#8217;aider), nombreux d\u00e9vers qui ont sollicit\u00e9 mes chevilles, &#8230;<br \/>\n&#8211; de l&#8217;humour tout au long du circuit, comme un faux &#8220;radar&#8221; qui nous flash dans une clairi\u00e8re, un panneau qui nous annonce un danger d&#8217;animaux m\u00e9chants, suivi de plusieurs dizaines de m\u00e8tres avec des animaux en peluches dans les arbres, des messages humoristiques et d&#8217;encouragement sur des pancartes tout le long du circuit, &#8230;<br \/>\n&#8211; la soupe chaude \u00e0 l&#8217;arriv\u00e9e.<a href=\"http:\/\/www.courir-a-corps-nuds.fr\/?attachment_id=5786\" rel=\"attachment wp-att-5786\"><img loading=\"lazy\" class=\"alignleft  wp-image-5786\" src=\"http:\/\/www.courir-a-corps-nuds.fr\/wp-content\/uploads\/2019\/02\/trail-benoit-2.jpg\" alt=\"\" width=\"475\" height=\"267\" srcset=\"http:\/\/www.courir-a-corps-nuds.fr\/wp-content\/uploads\/2019\/02\/trail-benoit-2.jpg 1598w, http:\/\/www.courir-a-corps-nuds.fr\/wp-content\/uploads\/2019\/02\/trail-benoit-2-300x169.jpg 300w, http:\/\/www.courir-a-corps-nuds.fr\/wp-content\/uploads\/2019\/02\/trail-benoit-2-768x432.jpg 768w, http:\/\/www.courir-a-corps-nuds.fr\/wp-content\/uploads\/2019\/02\/trail-benoit-2-1024x575.jpg 1024w\" sizes=\"(max-width: 475px) 100vw, 475px\" \/><\/a><\/p>\n<p>&nbsp;<\/p>\n<p>&nbsp;<\/p>\n<p>&nbsp;<\/p>\n<p>&nbsp;<\/p>\n<p>&nbsp;<\/p>\n<p>&nbsp;<\/p>\n<p>J&#8217;avais fais le choix de ne pas partir trop vite et de g\u00e9rer la course. J&#8217;ai bien fait, car dans les derniers km, j&#8217;ai forc\u00e9 un peu plus que je ne l&#8217;avais pr\u00e9vu et j&#8217;y ai laiss\u00e9 pas mal d&#8217;\u00e9nergie.<br \/>\nJe termine 74i\u00e8me sur 147 class\u00e9s. M\u00eame si je ne visais pas de classement particulier, je remarque quand m\u00eame qu&#8217;\u00e0 une place pr\u00e8s (7 secondes), je serais dans la premi\u00e8re moiti\u00e9 du classement !<\/p>\n<p>Une course \u00e0 refaire !<\/p>\n","protected":false},"excerpt":{"rendered":"<p>Je me suis inscrit sur le 23 km du trail Tro Maneguen, \u00e0 Gu\u00e9nin dans le 56, car Den une amie participait \u00e0 la course nature de 9 km, La course passait par un site que nous connaissons depuis notre adolescence (la Butte du Maneguen) et nos familles habitent \u00e0 proximit\u00e9. Le 27 janvier \u00e0 [&hellip;]<\/p>\n","protected":false},"author":1,"featured_media":0,"comment_status":"closed","ping_status":"open","sticky":false,"template":"","format":"standard","meta":[],"categories":[4],"tags":[],"_links":{"self":[{"href":"http:\/\/www.courir-a-corps-nuds.fr\/index.php?rest_route=\/wp\/v2\/posts\/5784"}],"collection":[{"href":"http:\/\/www.courir-a-corps-nuds.fr\/index.php?rest_route=\/wp\/v2\/posts"}],"about":[{"href":"http:\/\/www.courir-a-corps-nuds.fr\/index.php?rest_route=\/wp\/v2\/types\/post"}],"author":[{"embeddable":true,"href":"http:\/\/www.courir-a-corps-nuds.fr\/index.php?rest_route=\/wp\/v2\/users\/1"}],"replies":[{"embeddable":true,"href":"http:\/\/www.courir-a-corps-nuds.fr\/index.php?rest_route=%2Fwp%2Fv2%2Fcomments&post=5784"}],"version-history":[{"count":2,"href":"http:\/\/www.courir-a-corps-nuds.fr\/index.php?rest_route=\/wp\/v2\/posts\/5784\/revisions"}],"predecessor-version":[{"id":5788,"href":"http:\/\/www.courir-a-corps-nuds.fr\/index.php?rest_route=\/wp\/v2\/posts\/5784\/revisions\/5788"}],"wp:attachment":[{"href":"http:\/\/www.courir-a-corps-nuds.fr\/index.php?rest_route=%2Fwp%2Fv2%2Fmedia&parent=5784"}],"wp:term":[{"taxonomy":"category","embeddable":true,"href":"http:\/\/www.courir-a-corps-nuds.fr\/index.php?rest_route=%2Fwp%2Fv2%2Fcategories&post=5784"},{"taxonomy":"post_tag","embeddable":true,"href":"http:\/\/www.courir-a-corps-nuds.fr\/index.php?rest_route=%2Fwp%2Fv2%2Ftags&post=5784"}],"curies":[{"name":"wp","href":"https:\/\/api.w.org\/{rel}","templated":true}]}}