{"id":5827,"date":"2019-09-25T22:24:16","date_gmt":"2019-09-25T21:24:16","guid":{"rendered":"http:\/\/www.courir-a-corps-nuds.fr\/?p=5827"},"modified":"2019-09-25T22:24:53","modified_gmt":"2019-09-25T21:24:53","slug":"la-ppg-redemarre-sous-le-soleil","status":"publish","type":"post","link":"http:\/\/www.courir-a-corps-nuds.fr\/?p=5827","title":{"rendered":"LA PPG REDEMARRE SOUS LE SOLEIL"},"content":{"rendered":"<p><a href=\"http:\/\/www.courir-a-corps-nuds.fr\/?attachment_id=5828\" rel=\"attachment wp-att-5828\"><img loading=\"lazy\" class=\"alignleft wp-image-5828\" src=\"http:\/\/www.courir-a-corps-nuds.fr\/wp-content\/uploads\/2019\/09\/1ERE-SEANCE-DE-LA-PPG.jpg\" alt=\"\" width=\"637\" height=\"459\" srcset=\"http:\/\/www.courir-a-corps-nuds.fr\/wp-content\/uploads\/2019\/09\/1ERE-SEANCE-DE-LA-PPG.jpg 1187w, http:\/\/www.courir-a-corps-nuds.fr\/wp-content\/uploads\/2019\/09\/1ERE-SEANCE-DE-LA-PPG-300x216.jpg 300w, http:\/\/www.courir-a-corps-nuds.fr\/wp-content\/uploads\/2019\/09\/1ERE-SEANCE-DE-LA-PPG-768x553.jpg 768w, http:\/\/www.courir-a-corps-nuds.fr\/wp-content\/uploads\/2019\/09\/1ERE-SEANCE-DE-LA-PPG-1024x738.jpg 1024w\" sizes=\"(max-width: 637px) 100vw, 637px\" \/><\/a>La premi\u00e8re s\u00e9ance de PPG s&#8217;est d\u00e9roul\u00e9e sous le soleil dans la bonne humeur, tout en douceur avec nos pr\u00e9cieux coachs sportifs Nelly et Pascal. \ud83d\ude42<\/p>\n<p>Nicolas reprendra les cours d\u00e9but octobre.<\/p>\n<p>Les s\u00e9ances ont lieu salle de la Huberdi\u00e8re puis \u00e0 partir de novembre dans\u00a0 la salle de sport , le mardi \u00e0 19h00. Il est possible de se retrouver \u00e0 18h30 pour courir ensemble avant la PPG.<\/p>\n<p>A bient\u00f4t !<\/p>\n<p>&nbsp;<\/p>\n","protected":false},"excerpt":{"rendered":"<p>La premi\u00e8re s\u00e9ance de PPG s&#8217;est d\u00e9roul\u00e9e sous le soleil dans la bonne humeur, tout en douceur avec nos pr\u00e9cieux coachs sportifs Nelly et Pascal. \ud83d\ude42 Nicolas reprendra les cours d\u00e9but octobre. Les s\u00e9ances ont lieu salle de la Huberdi\u00e8re puis \u00e0 partir de novembre dans\u00a0 la salle de sport , le mardi \u00e0 19h00. [&hellip;]<\/p>\n","protected":false},"author":1,"featured_media":0,"comment_status":"closed","ping_status":"open","sticky":false,"template":"","format":"standard","meta":[],"categories":[4],"tags":[],"_links":{"self":[{"href":"http:\/\/www.courir-a-corps-nuds.fr\/index.php?rest_route=\/wp\/v2\/posts\/5827"}],"collection":[{"href":"http:\/\/www.courir-a-corps-nuds.fr\/index.php?rest_route=\/wp\/v2\/posts"}],"about":[{"href":"http:\/\/www.courir-a-corps-nuds.fr\/index.php?rest_route=\/wp\/v2\/types\/post"}],"author":[{"embeddable":true,"href":"http:\/\/www.courir-a-corps-nuds.fr\/index.php?rest_route=\/wp\/v2\/users\/1"}],"replies":[{"embeddable":true,"href":"http:\/\/www.courir-a-corps-nuds.fr\/index.php?rest_route=%2Fwp%2Fv2%2Fcomments&post=5827"}],"version-history":[{"count":2,"href":"http:\/\/www.courir-a-corps-nuds.fr\/index.php?rest_route=\/wp\/v2\/posts\/5827\/revisions"}],"predecessor-version":[{"id":5830,"href":"http:\/\/www.courir-a-corps-nuds.fr\/index.php?rest_route=\/wp\/v2\/posts\/5827\/revisions\/5830"}],"wp:attachment":[{"href":"http:\/\/www.courir-a-corps-nuds.fr\/index.php?rest_route=%2Fwp%2Fv2%2Fmedia&parent=5827"}],"wp:term":[{"taxonomy":"category","embeddable":true,"href":"http:\/\/www.courir-a-corps-nuds.fr\/index.php?rest_route=%2Fwp%2Fv2%2Fcategories&post=5827"},{"taxonomy":"post_tag","embeddable":true,"href":"http:\/\/www.courir-a-corps-nuds.fr\/index.php?rest_route=%2Fwp%2Fv2%2Ftags&post=5827"}],"curies":[{"name":"wp","href":"https:\/\/api.w.org\/{rel}","templated":true}]}}