{"id":5902,"date":"2019-11-23T19:27:00","date_gmt":"2019-11-23T18:27:00","guid":{"rendered":"http:\/\/www.courir-a-corps-nuds.fr\/?p=5902"},"modified":"2023-10-28T21:46:56","modified_gmt":"2023-10-28T20:46:56","slug":"des-courses-pour-les-marcheurs-nordiques","status":"publish","type":"post","link":"http:\/\/www.courir-a-corps-nuds.fr\/?p=5902","title":{"rendered":"Des courses pour les marcheurs nordiques"},"content":{"rendered":"<p><a href=\"http:\/\/www.courir-a-corps-nuds.fr\/?attachment_id=5904\" rel=\"attachment wp-att-5904\"><img loading=\"lazy\" class=\"alignleft wp-image-5904\" src=\"http:\/\/www.courir-a-corps-nuds.fr\/wp-content\/uploads\/2019\/11\/nathalie-marathon-vert.jpg\" alt=\"\" width=\"293\" height=\"283\" srcset=\"http:\/\/www.courir-a-corps-nuds.fr\/wp-content\/uploads\/2019\/11\/nathalie-marathon-vert.jpg 551w, http:\/\/www.courir-a-corps-nuds.fr\/wp-content\/uploads\/2019\/11\/nathalie-marathon-vert-300x290.jpg 300w\" sizes=\"(max-width: 293px) 100vw, 293px\" \/><\/a><a href=\"http:\/\/www.courir-a-corps-nuds.fr\/?attachment_id=5903\" rel=\"attachment wp-att-5903\"><img loading=\"lazy\" class=\"wp-image-5903 alignleft\" src=\"http:\/\/www.courir-a-corps-nuds.fr\/wp-content\/uploads\/2019\/11\/nath-B-marathon-vert.jpg\" alt=\"\" width=\"321\" height=\"281\" srcset=\"http:\/\/www.courir-a-corps-nuds.fr\/wp-content\/uploads\/2019\/11\/nath-B-marathon-vert.jpg 731w, http:\/\/www.courir-a-corps-nuds.fr\/wp-content\/uploads\/2019\/11\/nath-B-marathon-vert-300x263.jpg 300w\" sizes=\"(max-width: 321px) 100vw, 321px\" \/><\/a>De belles courses ou trails pour nos marcheuses : apr\u00e8s<strong><span style=\"color: #0000ff;\"> les 10 km de Saint Malo<\/span><\/strong> le 13 octobre , certaines ont particip\u00e9 au<strong><span style=\"color: #0000ff;\"> marathon vert de Rennes&nbsp; : 10 km<\/span><\/strong> le 27 octobre , parcours entre ville et halage&nbsp; ou au<strong><span style=\"color: #0000ff;\"> trail Advevan \u00e0 Bobital ( C\u00f4tes d&#8217;Armor) 14 km<\/span> <\/strong>le 2 novembre , en r\u00e9alit\u00e9 16 km sur un parcours difficile : sentiers bois\u00e9s avec beau d\u00e9nivel\u00e9 sur sol tr\u00e8s tr\u00e8s humide, mais pr\u00eate \u00e0 le refaire \ud83d\ude42<\/p>\n<p><strong><span style=\"color: #ff0000;\">bravo \u00e0 nos championnes<\/span><\/strong> qui portent haut les couleurs du CAC \ud83d\ude42<\/p>\n<p><a href=\"http:\/\/www.courir-a-corps-nuds.fr\/?attachment_id=5906\" rel=\"attachment wp-att-5906\"><img loading=\"lazy\" class=\"alignleft wp-image-5906\" src=\"http:\/\/www.courir-a-corps-nuds.fr\/wp-content\/uploads\/2019\/11\/bobital.jpg\" alt=\"\" width=\"323\" height=\"622\" srcset=\"http:\/\/www.courir-a-corps-nuds.fr\/wp-content\/uploads\/2019\/11\/bobital.jpg 1976w, http:\/\/www.courir-a-corps-nuds.fr\/wp-content\/uploads\/2019\/11\/bobital-156x300.jpg 156w, http:\/\/www.courir-a-corps-nuds.fr\/wp-content\/uploads\/2019\/11\/bobital-768x1480.jpg 768w, http:\/\/www.courir-a-corps-nuds.fr\/wp-content\/uploads\/2019\/11\/bobital-531x1024.jpg 531w\" sizes=\"(max-width: 323px) 100vw, 323px\" \/><\/a><\/p>\n<p>&nbsp;<\/p>\n<p>&nbsp;<\/p>\n<p>&nbsp;<\/p>\n<p>&nbsp;<\/p>\n<p>&nbsp;<\/p>\n<p>&nbsp;<\/p>\n<p>&nbsp;<\/p>\n<p>&nbsp;<\/p>\n<p>&nbsp;<\/p>\n<p>&nbsp;<\/p>\n<p><strong><span style=\"color: #0000ff;\">Martine<\/span><\/strong> , on t&#8217;a reconnue sous ce magnifique d\u00e9guisement \u00e0 Bobital \ud83d\ude42<\/p>\n","protected":false},"excerpt":{"rendered":"<p>De belles courses ou trails pour nos marcheuses : apr\u00e8s les 10 km de Saint Malo le 13 octobre , certaines ont particip\u00e9 au marathon vert de Rennes&nbsp; : 10 km le 27 octobre , parcours entre ville et halage&nbsp; ou au trail Advevan \u00e0 Bobital ( C\u00f4tes d&#8217;Armor) 14 km le 2 novembre , [&hellip;]<\/p>\n","protected":false},"author":1,"featured_media":0,"comment_status":"closed","ping_status":"open","sticky":false,"template":"","format":"standard","meta":[],"categories":[3],"tags":[],"_links":{"self":[{"href":"http:\/\/www.courir-a-corps-nuds.fr\/index.php?rest_route=\/wp\/v2\/posts\/5902"}],"collection":[{"href":"http:\/\/www.courir-a-corps-nuds.fr\/index.php?rest_route=\/wp\/v2\/posts"}],"about":[{"href":"http:\/\/www.courir-a-corps-nuds.fr\/index.php?rest_route=\/wp\/v2\/types\/post"}],"author":[{"embeddable":true,"href":"http:\/\/www.courir-a-corps-nuds.fr\/index.php?rest_route=\/wp\/v2\/users\/1"}],"replies":[{"embeddable":true,"href":"http:\/\/www.courir-a-corps-nuds.fr\/index.php?rest_route=%2Fwp%2Fv2%2Fcomments&post=5902"}],"version-history":[{"count":13,"href":"http:\/\/www.courir-a-corps-nuds.fr\/index.php?rest_route=\/wp\/v2\/posts\/5902\/revisions"}],"predecessor-version":[{"id":6232,"href":"http:\/\/www.courir-a-corps-nuds.fr\/index.php?rest_route=\/wp\/v2\/posts\/5902\/revisions\/6232"}],"wp:attachment":[{"href":"http:\/\/www.courir-a-corps-nuds.fr\/index.php?rest_route=%2Fwp%2Fv2%2Fmedia&parent=5902"}],"wp:term":[{"taxonomy":"category","embeddable":true,"href":"http:\/\/www.courir-a-corps-nuds.fr\/index.php?rest_route=%2Fwp%2Fv2%2Fcategories&post=5902"},{"taxonomy":"post_tag","embeddable":true,"href":"http:\/\/www.courir-a-corps-nuds.fr\/index.php?rest_route=%2Fwp%2Fv2%2Ftags&post=5902"}],"curies":[{"name":"wp","href":"https:\/\/api.w.org\/{rel}","templated":true}]}}